{"id":2894,"date":"2021-12-08T19:01:13","date_gmt":"2021-12-08T19:01:13","guid":{"rendered":"http:\/\/lavereda.com.mx\/?p=2894"},"modified":"2021-12-08T19:01:53","modified_gmt":"2021-12-08T19:01:53","slug":"presentan-el-monologo-habla-la-gata","status":"publish","type":"post","link":"https:\/\/lavereda.com.mx\/index.php\/2021\/12\/08\/presentan-el-monologo-habla-la-gata\/","title":{"rendered":"Estrenan el mon\u00f3logo \u00abHabla la gata\u00bb"},"content":{"rendered":"\n<p>La compa\u00f1\u00eda Gula Teatro presenta el mon\u00f3logo \u201cHabla la gata\u201d&nbsp;de la dramaturga argentina Patricia Su\u00e1rez, el pr\u00f3ximo 11 de diciembre en punto de las 8 pm, en Plan B estudio-teatro.<\/p>\n\n\n\n<p>\u201cHabla&nbsp;la&nbsp;gata\u201d&nbsp;es un mon\u00f3logo que cuenta la historia de Doris, una felina cuarentona que vive con las comodidades de haber llegado con los humanos adecuados hasta que aparece esa palabra: Pandemia.<\/p>\n\n\n\n<p>Es entonces cuando los humanos comienzan a pisarle el espacio a nuestra protagonista, quien a partir de su observaci\u00f3n felina nos presenta una reflexi\u00f3n sobre c\u00f3mo cambiaron nuestras vidas durante 2020.<\/p>\n\n\n\n<p>Con un humor \u00e1cido, Doris nos lleva a una reflexi\u00f3n muy humana sobre el peso de la familia, la salud mental y la forma en que la humanidad siempre encuentra la manera de encontrar a otros responsables cuando se trata de las desgracias del mundo.<\/p>\n\n\n\n<p>Abordando el divorcio, la orfandad, la depresi\u00f3n y dem\u00e1s temas que aprendimos a observar en medio de la contingencia, la propuesta esc\u00e9nica cuenta con la actuaci\u00f3n de Elena Reyes, bajo la direcci\u00f3n de Ricardo Bugar\u00edn; con el trabajo de producci\u00f3n de Diana Espino Neri, y la asistencia de Axel Estrada.<\/p>\n\n\n\n<p>Con esta propuesta, Gula Teatro vuelve al teatro presencial luego de dos a\u00f1os de actividades interrumpidas por la contingencia sanitaria por COVID-19.<\/p>\n\n\n\n<p>Los boletos para el estreno se encuentran a la venta a trav\u00e9s de las redes sociales de la compa\u00f1\u00eda, y tienen un costo de recuperaci\u00f3n de $150.<\/p>\n\n\n\n<p><\/p>\n","protected":false},"excerpt":{"rendered":"<p>La compa\u00f1\u00eda Gula Teatro presenta el mon\u00f3logo \u201cHabla la gata\u201d&nbsp;de la dramaturga argentina Patricia Su\u00e1rez, el pr\u00f3ximo 11 de diciembre en punto de las 8 pm, en Plan B estudio-teatro. &hellip; <a href=\"https:\/\/lavereda.com.mx\/index.php\/2021\/12\/08\/presentan-el-monologo-habla-la-gata\/\" class=\"more-link\">Leer m\u00e1s<\/a><\/p>\n","protected":false},"author":1,"featured_media":2895,"comment_status":"open","ping_status":"open","sticky":false,"template":"","format":"standard","meta":{"footnotes":""},"categories":[2,18],"tags":[],"class_list":["post-2894","post","type-post","status-publish","format-standard","has-post-thumbnail","hentry","category-artes-escenicas","category-lomasrelevante","entry"],"_links":{"self":[{"href":"https:\/\/lavereda.com.mx\/index.php\/wp-json\/wp\/v2\/posts\/2894","targetHints":{"allow":["GET"]}}],"collection":[{"href":"https:\/\/lavereda.com.mx\/index.php\/wp-json\/wp\/v2\/posts"}],"about":[{"href":"https:\/\/lavereda.com.mx\/index.php\/wp-json\/wp\/v2\/types\/post"}],"author":[{"embeddable":true,"href":"https:\/\/lavereda.com.mx\/index.php\/wp-json\/wp\/v2\/users\/1"}],"replies":[{"embeddable":true,"href":"https:\/\/lavereda.com.mx\/index.php\/wp-json\/wp\/v2\/comments?post=2894"}],"version-history":[{"count":2,"href":"https:\/\/lavereda.com.mx\/index.php\/wp-json\/wp\/v2\/posts\/2894\/revisions"}],"predecessor-version":[{"id":2897,"href":"https:\/\/lavereda.com.mx\/index.php\/wp-json\/wp\/v2\/posts\/2894\/revisions\/2897"}],"wp:featuredmedia":[{"embeddable":true,"href":"https:\/\/lavereda.com.mx\/index.php\/wp-json\/wp\/v2\/media\/2895"}],"wp:attachment":[{"href":"https:\/\/lavereda.com.mx\/index.php\/wp-json\/wp\/v2\/media?parent=2894"}],"wp:term":[{"taxonomy":"category","embeddable":true,"href":"https:\/\/lavereda.com.mx\/index.php\/wp-json\/wp\/v2\/categories?post=2894"},{"taxonomy":"post_tag","embeddable":true,"href":"https:\/\/lavereda.com.mx\/index.php\/wp-json\/wp\/v2\/tags?post=2894"}],"curies":[{"name":"wp","href":"https:\/\/api.w.org\/{rel}","templated":true}]}}