{"id":2891,"date":"2021-12-08T00:07:04","date_gmt":"2021-12-08T00:07:04","guid":{"rendered":"http:\/\/lavereda.com.mx\/?p=2891"},"modified":"2021-12-08T00:07:06","modified_gmt":"2021-12-08T00:07:06","slug":"presentan-cantos-de-pastorela-con-los-cardencheros-de-sapioriz","status":"publish","type":"post","link":"https:\/\/lavereda.com.mx\/index.php\/2021\/12\/08\/presentan-cantos-de-pastorela-con-los-cardencheros-de-sapioriz\/","title":{"rendered":"Presentan \u00abCantos de Pastorela\u00bb con los cardencheros de Sapioriz"},"content":{"rendered":"\n<p>La Unidad Regional de Culturas Populares, Ind\u00edgenas y Urbanas Durango en coordinaci\u00f3n con la Casa de la Cultura\u00a0\u201cErnestina Gamboa\u201d, realizar\u00e1n la presentaci\u00f3n del disco \u201cCantos de la Pastorela\u201d, en el Teatro \u201cDolores del R\u00edo\u201d\u00a0el pr\u00f3ximo 9 de diciembre en punto de las 18:00 horas. La entrada es libre.<\/p>\n\n\n\n<p>La pastorela naci\u00f3 en nuestra tradici\u00f3n decembrina, como una forma de diseminaci\u00f3n de la doctrina cristiana que r\u00e1pidamente se convirti\u00f3 en una manifestaci\u00f3n de teatro popular. Ligada a su origen religioso, la pastorela es la representaci\u00f3n de las peripecias que enfrentan los pastores para llegar a la adoraci\u00f3n de Jes\u00fas que ha nacido en Bel\u00e9n.<\/p>\n\n\n\n<p>En este evento, se contar\u00e1 con la participaci\u00f3n de los depositarios de esta tradici\u00f3n, pobladores del ejido de Sapioriz, del que forman parte el grupo de los Cardencheros, quienes interpretar\u00e1n estos canto. Los cantantes en 2008 recibieron el Premio Nacional de Ciencias y Artes.<\/p>\n\n\n\n<p>Algunos de los cantos llevan por t\u00edtulo \u201cDe la real Jerusal\u00e9n\u201d,&nbsp;\u201cAl paso ligero\u201d,&nbsp;\u201cCanto de los pajarillos\u201d,&nbsp;\u201cEl arrullamiento\u201d, las ma\u00f1anitas, cielo soberano y el despedimiento.<\/p>\n\n\n\n<p>Con este concierto, el objetivo es continuar con la difusi\u00f3n del canto cardenche, preservar nuestras tradiciones y la salvaguardia del patrimonio cultural inmaterial de los duranguenses.<\/p>\n\n\n\n<p>Cabe mencionar que se estar\u00e1n entregando discos de los&nbsp;\u201cCantos de pastorela\u201d&nbsp;a las primaras cien personas que arriben al Teatro ubicado en Londres esquina con Lisboa, colonia El Campestre en G\u00f3mez Palacio.<\/p>\n\n\n\n<p>De acuerdo con las disposiciones sanitarias, las personas asistentes deber\u00e1n portar cubre bocas en todo momento y mantener sana distancia, el cupo ser\u00e1 limitado.<\/p>\n","protected":false},"excerpt":{"rendered":"<p>La Unidad Regional de Culturas Populares, Ind\u00edgenas y Urbanas Durango en coordinaci\u00f3n con la Casa de la Cultura\u00a0\u201cErnestina Gamboa\u201d, realizar\u00e1n la presentaci\u00f3n del disco \u201cCantos de la Pastorela\u201d, en el &hellip; <a href=\"https:\/\/lavereda.com.mx\/index.php\/2021\/12\/08\/presentan-cantos-de-pastorela-con-los-cardencheros-de-sapioriz\/\" class=\"more-link\">Leer m\u00e1s<\/a><\/p>\n","protected":false},"author":1,"featured_media":2892,"comment_status":"open","ping_status":"open","sticky":false,"template":"","format":"standard","meta":{"footnotes":""},"categories":[18,4],"tags":[],"class_list":["post-2891","post","type-post","status-publish","format-standard","has-post-thumbnail","hentry","category-lomasrelevante","category-musica","entry"],"_links":{"self":[{"href":"https:\/\/lavereda.com.mx\/index.php\/wp-json\/wp\/v2\/posts\/2891","targetHints":{"allow":["GET"]}}],"collection":[{"href":"https:\/\/lavereda.com.mx\/index.php\/wp-json\/wp\/v2\/posts"}],"about":[{"href":"https:\/\/lavereda.com.mx\/index.php\/wp-json\/wp\/v2\/types\/post"}],"author":[{"embeddable":true,"href":"https:\/\/lavereda.com.mx\/index.php\/wp-json\/wp\/v2\/users\/1"}],"replies":[{"embeddable":true,"href":"https:\/\/lavereda.com.mx\/index.php\/wp-json\/wp\/v2\/comments?post=2891"}],"version-history":[{"count":1,"href":"https:\/\/lavereda.com.mx\/index.php\/wp-json\/wp\/v2\/posts\/2891\/revisions"}],"predecessor-version":[{"id":2893,"href":"https:\/\/lavereda.com.mx\/index.php\/wp-json\/wp\/v2\/posts\/2891\/revisions\/2893"}],"wp:featuredmedia":[{"embeddable":true,"href":"https:\/\/lavereda.com.mx\/index.php\/wp-json\/wp\/v2\/media\/2892"}],"wp:attachment":[{"href":"https:\/\/lavereda.com.mx\/index.php\/wp-json\/wp\/v2\/media?parent=2891"}],"wp:term":[{"taxonomy":"category","embeddable":true,"href":"https:\/\/lavereda.com.mx\/index.php\/wp-json\/wp\/v2\/categories?post=2891"},{"taxonomy":"post_tag","embeddable":true,"href":"https:\/\/lavereda.com.mx\/index.php\/wp-json\/wp\/v2\/tags?post=2891"}],"curies":[{"name":"wp","href":"https:\/\/api.w.org\/{rel}","templated":true}]}}