{"id":2887,"date":"2021-12-07T05:14:35","date_gmt":"2021-12-07T05:14:35","guid":{"rendered":"http:\/\/lavereda.com.mx\/?p=2887"},"modified":"2021-12-07T05:14:37","modified_gmt":"2021-12-07T05:14:37","slug":"la-fil-guadalajara-obtuvo-excelente-respuesta","status":"publish","type":"post","link":"https:\/\/lavereda.com.mx\/index.php\/2021\/12\/07\/la-fil-guadalajara-obtuvo-excelente-respuesta\/","title":{"rendered":"La FIL Guadalajara obtuvo excelente respuesta"},"content":{"rendered":"\n<p>El pasado 27 de noviembre se abrieron las puertas de Expo Guadalajara, el augurio no pudo ser mejor: las y los lectores estaban \u00e1vidos por volver a reencontrarse con la Feria Internacional del Libro (FIL) de Guadalajara, luego de que, debido a la pandemia de la covid-19, el a\u00f1o pasado todas las actividades tuvieron que realizarse en l\u00ednea. Nueve d\u00edas despu\u00e9s, el augurio se cumpli\u00f3 cabalmente. As\u00ed lo hicieron constar las 251,900 personas que este a\u00f1o se sumaron a las diferentes actividades y sedes que tuvo la FIL en su edici\u00f3n 35.<\/p>\n\n\n\n<p>En el encuentro con los medios de comunicaci\u00f3n para hacer el balance de este a\u00f1o, Ra\u00fal Padilla L\u00f3pez, presidente de la FIL Guadalajara, se\u00f1al\u00f3 que la edici\u00f3n 2020 represent\u00f3 un gran \u00e9xito desde la virtualidad.<\/p>\n\n\n\n<blockquote class=\"wp-block-quote is-layout-flow wp-block-quote-is-layout-flow\"><p>\u201cLa vocaci\u00f3n de la FIL es presencial y as\u00ed lo hacen constar las 205 mil personas que confiaron y siguieron responsablemente las medidas sanitarias determinadas tanto por el equipo de la Feria como por Expo Guadalajara, y visitaron el recinto ferial para reencontrarse con los libros y con los autores\u201d.<\/p><cite>Ra\u00fal Padilla L\u00f3pez<\/cite><\/blockquote>\n\n\n\n<p>El presidente de la Feria tambi\u00e9n destac\u00f3 que, a pesar de las afectaciones econ\u00f3micas por la pandemia para el sector editorial, este a\u00f1o acudieron a Guadalajara 1,223 editoriales, procedentes de 37 pa\u00edses, con 240 mil t\u00edtulos. En cuanto al programa literario, Padilla L\u00f3pez puntualiz\u00f3 que se realizaron 450 presentaciones de libros, 400 de ellas presenciales y el resto de manera virtual. Al respecto, dijo que \u201clas actividades virtuales sin duda ser\u00e1n ya parte de la nueva cotidianidad de la Feria\u201d. Un \u00e9xito fue tambi\u00e9n FIL Ni\u00f1os, que este a\u00f1o se realiz\u00f3 en el Centro Cultural Universitario y convoc\u00f3 a 35 mil asistentes. Otro de los pilares de la Feria, el relacionado con los encuentros y foros dedicados a los profesionales del libro, tambi\u00e9n registr\u00f3 saldo positivo en el a\u00f1o del retorno presencial. Ra\u00fal Padilla inform\u00f3 que asistieron 3,278 profesionales.<\/p>\n\n\n\n<p>El balance final arroja que, despu\u00e9s de nueve d\u00edas, las actividades de la FIL llegaron, gracias al formato virtual, a 18 millones 739 mil 726 personas en 30 pa\u00edses.<\/p>\n\n\n\n<p>El programa FIL Pensamiento realiz\u00f3 105 foros en los que participaron personalidades como Carmen Aristegui, Jos\u00e9 Luis Rodr\u00edguez Zapatero, Cuauht\u00e9moc C\u00e1rdenas Sol\u00f3rzano, Lorenzo C\u00f3rdova, Porfirio Mu\u00f1oz Ledo, Jorge Ramos, Ricardo Monreal, H\u00e9ctor Aguilar Cam\u00edn, Enrique Krauze, Jean Meyer, el embajador de Estados Unidos, Ken Salazar, y muchas figuras m\u00e1s, quienes con su presencia, dijo Padilla L\u00f3pez, \u201cconsolidaron a la Feria como un espacio democr\u00e1tico en el que todas las voces son escuchadas\u201d.<\/p>\n\n\n\n<p>Para finalizar, se\u00f1al\u00f3 que este a\u00f1o la Feria requiri\u00f3 una inversi\u00f3n de 105 millones 900 mil 403 pesos, mientras que habr\u00e1 un ingreso de 87 millones 21 mil 487 pesos. Adem\u00e1s, seg\u00fan la Oficina de Visitantes y Convenciones de Guadalajara, la Feria gener\u00f3 una derrama econ\u00f3mica de 700 millones de pesos. \u201cComo les dije hace nueve d\u00edas. La FIL somos todas y todos. Y todas y todos, somos lectores\u201d, concluy\u00f3 Padilla L\u00f3pez.<\/p>\n\n\n\n<p>Por su parte, Marisol Schulz Manaut, directora general de la FIL, dijo que si fuera necesario resumir los nueve d\u00edas de la Feria en una palabra,\u00a0esa palabra ser\u00eda \u201calegr\u00eda. Alegr\u00eda del reencuentro, de volvernos a ver y de adivinar las sonrisas detr\u00e1s del cubrebocas; por descubrir que podemos sonre\u00edr con los ojos y reconocer a las personas que nos sonr\u00eden; de reunirnos para celebrar la gran fiesta del libro y la lectura\u201d. <\/p>\n\n\n\n<p>La directora de la Feria agradeci\u00f3 la participaci\u00f3n de Per\u00fa, que acudi\u00f3 por segunda ocasi\u00f3n como Invitado de Honor. Manuel Talavera, Embajador de Per\u00fa, inform\u00f3 que la delegaci\u00f3n se integr\u00f3 por 62 personas. La presencia editorial estuvo representada por 110 editoriales y 1,700 t\u00edtulos, as\u00ed como una exposici\u00f3n de arte tradicional peruano, que mostraron la diversidad \u00e9tnica y ling\u00fc\u00edstica del pa\u00eds sudamericano.<\/p>\n\n\n\n<p>Luego de nueve d\u00edas, la FIL Guadalajara cierra sus actividades 2021 y comienza a trabajar desde ya en la edici\u00f3n de 2022, que tendr\u00e1 a Sharjah como Invitado de Honor. El emirato llegar\u00e1 a Guadalajara luego de que su participaci\u00f3n, programada originalmente para 2020, tuvo que ser pospuesta debido al confinamiento sanitario.<\/p>\n\n\n\n<p>La edici\u00f3n 36 de la Feria se realizar\u00e1 del 26 de noviembre al 4 de diciembre de 2022.<\/p>\n","protected":false},"excerpt":{"rendered":"<p>El pasado 27 de noviembre se abrieron las puertas de Expo Guadalajara, el augurio no pudo ser mejor: las y los lectores estaban \u00e1vidos por volver a reencontrarse con la &hellip; <a href=\"https:\/\/lavereda.com.mx\/index.php\/2021\/12\/07\/la-fil-guadalajara-obtuvo-excelente-respuesta\/\" class=\"more-link\">Leer m\u00e1s<\/a><\/p>\n","protected":false},"author":1,"featured_media":2888,"comment_status":"open","ping_status":"open","sticky":false,"template":"","format":"standard","meta":{"footnotes":""},"categories":[1],"tags":[],"class_list":["post-2887","post","type-post","status-publish","format-standard","has-post-thumbnail","hentry","category-uncategorized","entry"],"_links":{"self":[{"href":"https:\/\/lavereda.com.mx\/index.php\/wp-json\/wp\/v2\/posts\/2887","targetHints":{"allow":["GET"]}}],"collection":[{"href":"https:\/\/lavereda.com.mx\/index.php\/wp-json\/wp\/v2\/posts"}],"about":[{"href":"https:\/\/lavereda.com.mx\/index.php\/wp-json\/wp\/v2\/types\/post"}],"author":[{"embeddable":true,"href":"https:\/\/lavereda.com.mx\/index.php\/wp-json\/wp\/v2\/users\/1"}],"replies":[{"embeddable":true,"href":"https:\/\/lavereda.com.mx\/index.php\/wp-json\/wp\/v2\/comments?post=2887"}],"version-history":[{"count":1,"href":"https:\/\/lavereda.com.mx\/index.php\/wp-json\/wp\/v2\/posts\/2887\/revisions"}],"predecessor-version":[{"id":2889,"href":"https:\/\/lavereda.com.mx\/index.php\/wp-json\/wp\/v2\/posts\/2887\/revisions\/2889"}],"wp:featuredmedia":[{"embeddable":true,"href":"https:\/\/lavereda.com.mx\/index.php\/wp-json\/wp\/v2\/media\/2888"}],"wp:attachment":[{"href":"https:\/\/lavereda.com.mx\/index.php\/wp-json\/wp\/v2\/media?parent=2887"}],"wp:term":[{"taxonomy":"category","embeddable":true,"href":"https:\/\/lavereda.com.mx\/index.php\/wp-json\/wp\/v2\/categories?post=2887"},{"taxonomy":"post_tag","embeddable":true,"href":"https:\/\/lavereda.com.mx\/index.php\/wp-json\/wp\/v2\/tags?post=2887"}],"curies":[{"name":"wp","href":"https:\/\/api.w.org\/{rel}","templated":true}]}}