{"id":2884,"date":"2021-12-07T01:53:09","date_gmt":"2021-12-07T01:53:09","guid":{"rendered":"http:\/\/lavereda.com.mx\/?p=2884"},"modified":"2021-12-07T01:53:11","modified_gmt":"2021-12-07T01:53:11","slug":"una-historia-de-amor-y-desamor","status":"publish","type":"post","link":"https:\/\/lavereda.com.mx\/index.php\/2021\/12\/07\/una-historia-de-amor-y-desamor\/","title":{"rendered":"Una historia de amor y desamor"},"content":{"rendered":"\n<ul class=\"wp-block-list\"><li><strong>Rese\u00f1a de \u201cTodos los d\u00edas son nuestros\u201d de Catalina Aguilar Mastreta\u00a0<\/strong><\/li><\/ul>\n\n\n\n<p>Me gusta lo que he le\u00eddo. Catalina nos presenta un texto de lectura f\u00e1cil. Ya s\u00e9 que a muchos autores les molesta que se diga esto sobre sus trabajos, pero en esta ocasi\u00f3n quiero hacer un reconocimiento al esfuerzo de escribir, pulir, reescribir; es una labor minuciosa y extenuante que habla del respeto por el lector. Es dif\u00edcil escribir algo que se lea f\u00e1cil.&nbsp;<\/p>\n\n\n\n<p>Se trata de una novela publicada en 2015 que va en su s\u00e9ptima reimpresi\u00f3n; la m\u00e1s reciente este a\u00f1o: un aut\u00e9ntico Best Seller. Catalina es tambi\u00e9n la directora, junto con Santiago Lim\u00f3n, del exitoso filme&nbsp;<a href=\"https:\/\/www.imdb.com\/title\/tt8200456\/\">Cindy la regia<\/a>, que se estren\u00f3 a principios del a\u00f1o pasado, justo antes de la pandemia. Hay varios paralelismos entre este filme, el otro menos conocido que dirigi\u00f3 en 2014 (<a href=\"https:\/\/www.imdb.com\/title\/tt3451096\/?ref_=nm_knf_t1\">Las horas sin ti<\/a>) y la novela que hoy comentamos: Son historias de mujeres, las madres y abuelas tienen roles primordiales y se cuestiona lo que significa ser mujer en estos a\u00f1os.&nbsp;<\/p>\n\n\n\n<p><em>Todos los d\u00edas son nuestro<\/em>s es un drama centrado en una historia de amor y desamor. Mar\u00eda, comunic\u00f3loga de la UNAM, polichambista, liberal, feminista, autosuficiente, cr\u00edtica de cine, con una madre a\u00fan m\u00e1s liberal que ella y padre ausente, enfrenta el fin de su relaci\u00f3n con Emiliano, con qui\u00e9n ha vivido por ya diez a\u00f1os. Emiliano es un junior algo inmaduro que juega a ser guionista. El rompimiento ocurre sin que ninguno de los dos entienda por qu\u00e9; lo \u00fanico que saben es que ya no pueden seguir viviendo juntos. Eso no significa que no se quieran y no se deseen; simplemente se acab\u00f3 la relaci\u00f3n y ellos luchan por seguir viviendo unas vidas que parec\u00edan ligadas para siempre.<\/p>\n\n\n\n<p><strong><em>-\u00bfConoces a Emiliano Cervera?<\/em><\/strong><\/p>\n\n\n\n<blockquote class=\"wp-block-quote is-layout-flow wp-block-quote-is-layout-flow\"><p><strong><em>\u00a0\u00a0\u00a0\u00a0\u00a0\u00a0\u00a0\u00a0\u00a0\u00a0\u00a0\u00a0\u00bfA cu\u00e1l de todos?, porque hay varios. Conozco al que dorm\u00eda de lado con los ojos y los pu\u00f1os apretados como un ni\u00f1o. Al que se enterraba en mi pelo y me dec\u00eda Mari, Mari, Mari, como una plegaria. A \u00e9se lo conozco o, bueno, lo conoc\u00ed, no s\u00e9 del presente. No me acuerdo en qu\u00e9 tiempo, pero en uno pasado, era el amor de mi vida, el viejo de mi vejez, el pap\u00e1 de los hijos que no tengo. Era el agua de mi propio aliento y la memoria que tiene mi piel -entre el cuello y el pecho-\u2026<\/em><\/strong><\/p><\/blockquote>\n\n\n\n<p>La pluma de Catalina es filosa, \u00e1cida. El texto est\u00e1 lleno de frases sarc\u00e1sticas y humor corrosivo. Se burla de s\u00ed misma y de su mundo de privilegios, mientras quiere hacernos creer que Mari es clasemediera, aspiracioncita y luchona.<\/p>\n\n\n\n<blockquote class=\"wp-block-quote is-layout-flow wp-block-quote-is-layout-flow\"><p><strong>No era yo una ni\u00f1a bonita. Para nada. Ten\u00eda los ojos separados y era flaca, pero panzona como caballo de feria enfermo\u2026<\/strong><\/p><p><strong>Roberta se qued\u00f3 siendo la guapa de la clase, a pesar de que con ella fue injusta la biolog\u00eda, la edad le volvi\u00f3 los caireles crespos y las pompas jamonudas\u2026<\/strong><\/p><p><strong>Era la \u00e9poca de las fiestas de quince a\u00f1os y las ni\u00f1as se vest\u00edan de pastel de tres pisos\u2026<\/strong><\/p><p><strong>Detr\u00e1s de \u00e9l, su hermana Yvette arrastra los pies, quiz\u00e1 porque sigue enojada de que sus pap\u00e1s le pusieron de nombre Yvette.<\/strong><\/p><p><strong>A m\u00ed me gusta quedarme con los ni\u00f1os, no porque sea yo muy ni\u00f1era, sino porque me gusta la idea et\u00e9rea de ser la t\u00eda rara de la infancia de alguien. Y definitivamente soy la t\u00eda rara de la infancia de estos dos. Su mam\u00e1 nunca me ha querido mucho. Sabe que estren\u00e9 a su marido\u2026<\/strong><\/p><\/blockquote>\n\n\n\n<p>Quiz\u00e1 la cr\u00edtica m\u00e1s grande que puede hacerse a la novela es que transcurre en un M\u00e9xico que solo puede existir en la mente de alguien que no vive aqu\u00ed, o que vive en un ambiente que no se conecta con la realidad. La historia ocurre en los a\u00f1os en que se conoci\u00f3 la tragedia de las Muertas de Juarez y el inicio de la Guerra Contra el Narcotr\u00e1fico; son tambi\u00e9n los a\u00f1os posteriores a la Gran Marcha Blanca cuando las clases medias salieron a las calles de la ciudad de M\u00e9xico a protestar por la inseguridad. En esos d\u00edas te asaltaban en los sem\u00e1foros y los secuestros estaban a la orden del d\u00eda. Nada de eso aparece en&nbsp;<em>Todos los d\u00edas son nuestros<\/em>; ning\u00fan personaje sufre ning\u00fan percance; nadie parece preocupado por su seguridad.&nbsp;<\/p>\n\n\n\n<p>Hay tambi\u00e9n un cierto toque fresa cuando Mari se re\u00fasa a fumar mariguana mientras recuerda el dicho de su mam\u00e1: \u201cen este pa\u00eds no cumplir la ley es ser parte fundamental del enorme problema.\u201d M\u00e1s all\u00e1 de que la frase tenga mucho de verdad, suena algo extra\u00f1a en boca de una joven como Mar\u00eda.<\/p>\n\n\n\n<p>La novela toca muchos temas que preocupan a las mujeres de hoy: la independencia econ\u00f3mica, el deseo y el sexo, el matrimonio, el papel de los hombres en sus vidas, el aborto, la vida misma. Mari entra a la adultez a trompicones, al amparo de la libertad que le da su madre. Sufre la culpa de la infidelidad y enfrenta las consecuencias, pero sobrevive al \u201c\u00bfqu\u00e9 dir\u00e1n?\u201d. Ahora vive el duelo del fin de su relaci\u00f3n con Emiliano que, aunque se daba en un marco de libertad sin papeles, ella la asum\u00eda como permanente.<\/p>\n\n\n\n<p><em>Todos los d\u00edas son nuestros.&nbsp;<\/em><em>Catalina Aguilar M. Oceano.&nbsp;<\/em><em>S\u00e9ptima reimpresi\u00f3n<\/em><em>. Julio 2021.<\/em><\/p>\n","protected":false},"excerpt":{"rendered":"<p>Rese\u00f1a de \u201cTodos los d\u00edas son nuestros\u201d de Catalina Aguilar Mastreta\u00a0 Me gusta lo que he le\u00eddo. Catalina nos presenta un texto de lectura f\u00e1cil. Ya s\u00e9 que a muchos &hellip; <a href=\"https:\/\/lavereda.com.mx\/index.php\/2021\/12\/07\/una-historia-de-amor-y-desamor\/\" class=\"more-link\">Leer m\u00e1s<\/a><\/p>\n","protected":false},"author":4,"featured_media":2885,"comment_status":"open","ping_status":"open","sticky":false,"template":"","format":"standard","meta":{"footnotes":""},"categories":[5],"tags":[],"class_list":["post-2884","post","type-post","status-publish","format-standard","has-post-thumbnail","hentry","category-letras-y-libros","entry"],"_links":{"self":[{"href":"https:\/\/lavereda.com.mx\/index.php\/wp-json\/wp\/v2\/posts\/2884","targetHints":{"allow":["GET"]}}],"collection":[{"href":"https:\/\/lavereda.com.mx\/index.php\/wp-json\/wp\/v2\/posts"}],"about":[{"href":"https:\/\/lavereda.com.mx\/index.php\/wp-json\/wp\/v2\/types\/post"}],"author":[{"embeddable":true,"href":"https:\/\/lavereda.com.mx\/index.php\/wp-json\/wp\/v2\/users\/4"}],"replies":[{"embeddable":true,"href":"https:\/\/lavereda.com.mx\/index.php\/wp-json\/wp\/v2\/comments?post=2884"}],"version-history":[{"count":1,"href":"https:\/\/lavereda.com.mx\/index.php\/wp-json\/wp\/v2\/posts\/2884\/revisions"}],"predecessor-version":[{"id":2886,"href":"https:\/\/lavereda.com.mx\/index.php\/wp-json\/wp\/v2\/posts\/2884\/revisions\/2886"}],"wp:featuredmedia":[{"embeddable":true,"href":"https:\/\/lavereda.com.mx\/index.php\/wp-json\/wp\/v2\/media\/2885"}],"wp:attachment":[{"href":"https:\/\/lavereda.com.mx\/index.php\/wp-json\/wp\/v2\/media?parent=2884"}],"wp:term":[{"taxonomy":"category","embeddable":true,"href":"https:\/\/lavereda.com.mx\/index.php\/wp-json\/wp\/v2\/categories?post=2884"},{"taxonomy":"post_tag","embeddable":true,"href":"https:\/\/lavereda.com.mx\/index.php\/wp-json\/wp\/v2\/tags?post=2884"}],"curies":[{"name":"wp","href":"https:\/\/api.w.org\/{rel}","templated":true}]}}