{"id":2862,"date":"2021-12-02T19:03:01","date_gmt":"2021-12-02T19:03:01","guid":{"rendered":"http:\/\/lavereda.com.mx\/?p=2862"},"modified":"2021-12-03T19:09:48","modified_gmt":"2021-12-03T19:09:48","slug":"los-16-dias-de-activismo-contra-la-violencia-de-genero","status":"publish","type":"post","link":"https:\/\/lavereda.com.mx\/index.php\/2021\/12\/02\/los-16-dias-de-activismo-contra-la-violencia-de-genero\/","title":{"rendered":"Los 16 d\u00edas de activismo contra la violencia de g\u00e9nero"},"content":{"rendered":"\n<p>Cada a\u00f1o se lleva a cabo una campa\u00f1a mundial que pide fin a la violencia en contra de las mujeres y las ni\u00f1as. Comienza el 25 de noviembre, D\u00eda Internacional de la Eliminaci\u00f3n de la Violencia contra la Mujer y finaliza el 10 de diciembre, D\u00eda de los Derechos Humanos.\u00a0<\/p>\n\n\n\n<p>Los 16 d\u00edas de activismo en contra de la violencia de g\u00e9nero, como es mayormente denominada esta campa\u00f1a, se llevan a cabo este a\u00f1o bajo el tema \u201cPinta el mundo de naranja: pon fin a la violencia contra las mujeres hoy\u201d. Personas y organizaciones de todo el mundo se movilizan para promover la prevenci\u00f3n y eliminaci\u00f3n de la violencia contra las mujeres y las ni\u00f1as.<\/p>\n\n\n\n<p>La ONU Mujeres promete adoptar mediante esta campa\u00f1a enfoques integrales e inclusivos que informen y difundan conciencia sobre los temas elegidos, ademas de ayudar al empoderamiento de mujeres y ni\u00f1as de todo el mundo.&nbsp;<\/p>\n\n\n\n<p>En estos 16 D\u00edas de activismo hablar sobre la naturaleza global de la violencia contra las mujeres y las ni\u00f1as, promover la solidaridad y conexi\u00f3n alrededor del mundo, ademas de apoyar a las organizaciones que ayudan a crear espacios seguros para las mujeres, es lo mas importante.&nbsp;<\/p>\n\n\n\n<p>Al participar en esta campa\u00f1a durante estos d\u00edas, es importante recordar que incluso aun cuando esta termine, la lucha contra de la violencia de g\u00e9nero nunca termina y todav\u00eda necesitamos un cambio, es por eso que el comprometernos a mantenernos firmes y el tomar acciones para conseguirlo es cosa de todos los d\u00edas.\u00a0<\/p>\n","protected":false},"excerpt":{"rendered":"<p>Cada a\u00f1o se lleva a cabo una campa\u00f1a mundial que pide fin a la violencia en contra de las mujeres y las ni\u00f1as. Comienza el 25 de noviembre, D\u00eda Internacional &hellip; <a href=\"https:\/\/lavereda.com.mx\/index.php\/2021\/12\/02\/los-16-dias-de-activismo-contra-la-violencia-de-genero\/\" class=\"more-link\">Leer m\u00e1s<\/a><\/p>\n","protected":false},"author":9,"featured_media":2863,"comment_status":"open","ping_status":"open","sticky":false,"template":"","format":"standard","meta":{"footnotes":""},"categories":[12],"tags":[],"class_list":["post-2862","post","type-post","status-publish","format-standard","has-post-thumbnail","hentry","category-equidad","entry"],"_links":{"self":[{"href":"https:\/\/lavereda.com.mx\/index.php\/wp-json\/wp\/v2\/posts\/2862","targetHints":{"allow":["GET"]}}],"collection":[{"href":"https:\/\/lavereda.com.mx\/index.php\/wp-json\/wp\/v2\/posts"}],"about":[{"href":"https:\/\/lavereda.com.mx\/index.php\/wp-json\/wp\/v2\/types\/post"}],"author":[{"embeddable":true,"href":"https:\/\/lavereda.com.mx\/index.php\/wp-json\/wp\/v2\/users\/9"}],"replies":[{"embeddable":true,"href":"https:\/\/lavereda.com.mx\/index.php\/wp-json\/wp\/v2\/comments?post=2862"}],"version-history":[{"count":2,"href":"https:\/\/lavereda.com.mx\/index.php\/wp-json\/wp\/v2\/posts\/2862\/revisions"}],"predecessor-version":[{"id":2869,"href":"https:\/\/lavereda.com.mx\/index.php\/wp-json\/wp\/v2\/posts\/2862\/revisions\/2869"}],"wp:featuredmedia":[{"embeddable":true,"href":"https:\/\/lavereda.com.mx\/index.php\/wp-json\/wp\/v2\/media\/2863"}],"wp:attachment":[{"href":"https:\/\/lavereda.com.mx\/index.php\/wp-json\/wp\/v2\/media?parent=2862"}],"wp:term":[{"taxonomy":"category","embeddable":true,"href":"https:\/\/lavereda.com.mx\/index.php\/wp-json\/wp\/v2\/categories?post=2862"},{"taxonomy":"post_tag","embeddable":true,"href":"https:\/\/lavereda.com.mx\/index.php\/wp-json\/wp\/v2\/tags?post=2862"}],"curies":[{"name":"wp","href":"https:\/\/api.w.org\/{rel}","templated":true}]}}