{"id":2859,"date":"2021-12-02T00:50:12","date_gmt":"2021-12-02T00:50:12","guid":{"rendered":"http:\/\/lavereda.com.mx\/?p=2859"},"modified":"2021-12-02T00:50:14","modified_gmt":"2021-12-02T00:50:14","slug":"descubren-cerca-de-plaza-garibaldi-una-ofrenda-mexica","status":"publish","type":"post","link":"https:\/\/lavereda.com.mx\/index.php\/2021\/12\/02\/descubren-cerca-de-plaza-garibaldi-una-ofrenda-mexica\/","title":{"rendered":"Descubren cerca de Plaza Garibaldi una ofrenda mexica"},"content":{"rendered":"\n<ul class=\"wp-block-list\"><li>Se integra por diversos materiales como una olla con restos \u00f3seos y 13 sahumadores, se realiz\u00f3 durante un salvamento arqueol\u00f3gico.<\/li><\/ul>\n\n\n\n<p>En agosto pasado, justo en la conmemoraci\u00f3n del quinto centenario de la toma de Tenochtitl\u00e1n, se descubri\u00f3 en un predio aleda\u00f1o a Plaza Garibaldi una vivienda de una familia mexica que sobrevivi\u00f3 a la conquista espa\u00f1ola, seg\u00fan lo ha constatado la Secretar\u00eda de Cultura del Gobierno de M\u00e9xico, mediante un equipo de salvamento arqueol\u00f3gico del Instituto Nacional de Antropolog\u00eda e Historia (INAH).<\/p>\n\n\n\n<p>Para la coordinadora de estas tareas de rescate arqueol\u00f3gico, Mara Abiga\u00edl Becerra Amezcua, este descubrimiento es significativo en el marco de los \u201c500 a\u00f1os de resistencia ind\u00edgena\u201d, como ha sido declarado este 2021, ya que esta ofrenda, localizada a poco m\u00e1s de cuatro metros de profundidad, estaba recubierta con varias capas de adobes bien consolidados para mantenerla fuera de miradas ajenas, indicativo del temple de aquellos mexicas que permanecieron en Tenochtitlan tras la toma de la ciudad por Hern\u00e1n Cort\u00e9s.&nbsp;<\/p>\n\n\n\n<p>La investigadora comenta que tras el reporte del Instituto de Vivienda de la Ciudad de M\u00e9xico (INVI) ante la Direcci\u00f3n de Salvamento Arqueol\u00f3gico (DSA) del INAH, su equipo acudi\u00f3 en septiembre al domicilio, ubicado en el Eje Central L\u00e1zaro C\u00e1rdenas, y a lo largo de tres meses realizaron excavaciones arqueol\u00f3gicas puntuales en la parte media del terreno, mismas que ya concluyeron.<\/p>\n\n\n\n<p>La excavaci\u00f3n revel\u00f3 que el espacio de aquella vivienda estuvo conformado por un patio interior \u2014donde se localiz\u00f3 la ofrenda de clausura\u2014, una estancia y un corredor que conecta a cinco habitaciones que a\u00fan mantienen parte de sus estucos originales en pisos y en muros (de grosores que van de los 30 a los 50 cm). Estos cuartos, uno de los cuales fue cocina, como se dedujo por el registro de un <em>tlecuilli<\/em> o fog\u00f3n, alcanzaron medidas de 4 m por 3 m, pero sus dimensiones totales se desconocen porque contin\u00faan bajo los predios aleda\u00f1os.<\/p>\n\n\n\n<p>La arque\u00f3loga Mara Becerra precisa que esta residencia fue motivo de modificaciones espaciales y arquitect\u00f3nicas en al menos dos etapas: en el periodo Poscl\u00e1sico Tard\u00edo, entre 1325 y 1521 d.C., y en la ocupaci\u00f3n espa\u00f1ola, entre 1521 a 1610 d.C. Si bien estuvo destinada a las actividades dom\u00e9sticas, otras evidencias materiales como <em>omichicahuaztlis <\/em>(instrumentos musicales de hueso trabajado), flautas y ocarinas, se\u00f1alan que ah\u00ed tuvieron lugar diversos rituales.&nbsp;<\/p>\n\n\n\n<p>El descubrimiento m\u00e1s llamativo dentro de este conjunto, es dicha ofrenda bajo el piso del patio interior, un contexto que confirma el car\u00e1cter sagrado de Cuepopan-Tlaquechiuhca, parcialidad fronteriza con Tlatelolco, y que en el periodo virreinal se convertir\u00eda en Santa Mar\u00eda La Redonda. Por ejemplo, de este lugar proced\u00eda el sacerdote que encend\u00eda el fuego nuevo cada 52 a\u00f1os en el santuario del Huizacht\u00e9petl (Cerro de la Estrella), momento que marcaba el desenlace y la inauguraci\u00f3n de un ciclo de la vida, refiere la especialista.<\/p>\n\n\n\n<p>Este descubrimiento es resultado del trabajo permanente que realiza la Direcci\u00f3n de Salvamento Arqueol\u00f3gico del INAH, cuyos especialistas dan seguimiento a la labor de investigaci\u00f3n, conservaci\u00f3n, protecci\u00f3n y difusi\u00f3n del patrimonio cultural de orden paleontol\u00f3gico, antropol\u00f3gico, arqueol\u00f3gico e hist\u00f3rico de M\u00e9xico.<\/p>\n","protected":false},"excerpt":{"rendered":"<p>Se integra por diversos materiales como una olla con restos \u00f3seos y 13 sahumadores, se realiz\u00f3 durante un salvamento arqueol\u00f3gico. En agosto pasado, justo en la conmemoraci\u00f3n del quinto centenario &hellip; <a href=\"https:\/\/lavereda.com.mx\/index.php\/2021\/12\/02\/descubren-cerca-de-plaza-garibaldi-una-ofrenda-mexica\/\" class=\"more-link\">Leer m\u00e1s<\/a><\/p>\n","protected":false},"author":1,"featured_media":2860,"comment_status":"open","ping_status":"open","sticky":false,"template":"","format":"standard","meta":{"footnotes":""},"categories":[18],"tags":[],"class_list":["post-2859","post","type-post","status-publish","format-standard","has-post-thumbnail","hentry","category-lomasrelevante","entry"],"_links":{"self":[{"href":"https:\/\/lavereda.com.mx\/index.php\/wp-json\/wp\/v2\/posts\/2859","targetHints":{"allow":["GET"]}}],"collection":[{"href":"https:\/\/lavereda.com.mx\/index.php\/wp-json\/wp\/v2\/posts"}],"about":[{"href":"https:\/\/lavereda.com.mx\/index.php\/wp-json\/wp\/v2\/types\/post"}],"author":[{"embeddable":true,"href":"https:\/\/lavereda.com.mx\/index.php\/wp-json\/wp\/v2\/users\/1"}],"replies":[{"embeddable":true,"href":"https:\/\/lavereda.com.mx\/index.php\/wp-json\/wp\/v2\/comments?post=2859"}],"version-history":[{"count":1,"href":"https:\/\/lavereda.com.mx\/index.php\/wp-json\/wp\/v2\/posts\/2859\/revisions"}],"predecessor-version":[{"id":2861,"href":"https:\/\/lavereda.com.mx\/index.php\/wp-json\/wp\/v2\/posts\/2859\/revisions\/2861"}],"wp:featuredmedia":[{"embeddable":true,"href":"https:\/\/lavereda.com.mx\/index.php\/wp-json\/wp\/v2\/media\/2860"}],"wp:attachment":[{"href":"https:\/\/lavereda.com.mx\/index.php\/wp-json\/wp\/v2\/media?parent=2859"}],"wp:term":[{"taxonomy":"category","embeddable":true,"href":"https:\/\/lavereda.com.mx\/index.php\/wp-json\/wp\/v2\/categories?post=2859"},{"taxonomy":"post_tag","embeddable":true,"href":"https:\/\/lavereda.com.mx\/index.php\/wp-json\/wp\/v2\/tags?post=2859"}],"curies":[{"name":"wp","href":"https:\/\/api.w.org\/{rel}","templated":true}]}}