{"id":2853,"date":"2021-12-01T16:21:32","date_gmt":"2021-12-01T16:21:32","guid":{"rendered":"http:\/\/lavereda.com.mx\/?p=2853"},"modified":"2021-12-03T19:02:46","modified_gmt":"2021-12-03T19:02:46","slug":"mau-nieto-vuelve-a-torreon","status":"publish","type":"post","link":"https:\/\/lavereda.com.mx\/index.php\/2021\/12\/01\/mau-nieto-vuelve-a-torreon\/","title":{"rendered":"Mau Nieto vuelve a Torre\u00f3n"},"content":{"rendered":"\n<p><strong>Mau Nieto:<\/strong>&nbsp;la figura m\u00e1s extrovertida de todo Coapa llega con humor negro, caf\u00e9 y un poco de blanco a darte un show caracter\u00edstico de una comedia que ha trascendido desde los bares m\u00e1s rec\u00f3nditos de la ciudad, hasta recintos dignos de un especial en Netflix.<\/p>\n\n\n\n<p>La cita es este S\u00e1bado 04 de Diciembre&nbsp;en el Teatro Isauro Mart\u00ednez&nbsp; a las 8 pm<\/p>\n\n\n\n<p>Manu Nieto debut\u00f3 en enero del 2018 en Netflix gracias a su primer especial llamado&nbsp;<em>Viviendo Sobrio&#8230; desde el bar.&nbsp;<\/em>Su deseo es continuar con este tipo de espect\u00e1culos, por lo que tambi\u00e9n escribi\u00f3 el show&nbsp;<em>Nunca me voy a casar<\/em>, con el que visitar\u00e1 varias ciudades de la Rep\u00fablica Mexicana, para despu\u00e9s impulsarlo en una plataforma de streaming.<\/p>\n\n\n\n<p>Naci\u00f3 en Iztapalapa, pero creci\u00f3 en Coapa, aunque no sabemos cu\u00e1l de las dos es peor.&nbsp;Empez\u00f3 a hacer comedia desde ni\u00f1o, pero a cobrar por ella hasta el 2012, cuando prob\u00f3 suerte en algunos escenarios de la Ciudad de M\u00e9xico.&nbsp;Debido a la gran aceptaci\u00f3n del p\u00fablico, Mau Nieto ha logrado colocarse entre los mejores comediantes del pa\u00eds.&nbsp;<\/p>\n\n\n\n<p>Para este evento el acceso es con uso de cubrebocas OBLIGATORIO. La entrada al show es para personas desde los 13 a\u00f1os. Todos los menores de edad deber\u00e1n de ingresar acompa\u00f1ados de un adulto responsable de ellos.<\/p>\n\n\n\n<p>\u00a1Si quieres saber m\u00e1s de donde conseguir tus boletos&nbsp; revisa la siguiente liga! &nbsp;&nbsp;<a href=\"https:\/\/bit.ly\/3leg8P2\">https:\/\/bit.ly\/3leg8P2<\/a><\/p>\n","protected":false},"excerpt":{"rendered":"<p>Mau Nieto:&nbsp;la figura m\u00e1s extrovertida de todo Coapa llega con humor negro, caf\u00e9 y un poco de blanco a darte un show caracter\u00edstico de una comedia que ha trascendido desde &hellip; <a href=\"https:\/\/lavereda.com.mx\/index.php\/2021\/12\/01\/mau-nieto-vuelve-a-torreon\/\" class=\"more-link\">Leer m\u00e1s<\/a><\/p>\n","protected":false},"author":1,"featured_media":2854,"comment_status":"open","ping_status":"open","sticky":false,"template":"","format":"standard","meta":{"footnotes":""},"categories":[2,7,18],"tags":[],"class_list":["post-2853","post","type-post","status-publish","format-standard","has-post-thumbnail","hentry","category-artes-escenicas","category-entretenimiento","category-lomasrelevante","entry"],"_links":{"self":[{"href":"https:\/\/lavereda.com.mx\/index.php\/wp-json\/wp\/v2\/posts\/2853","targetHints":{"allow":["GET"]}}],"collection":[{"href":"https:\/\/lavereda.com.mx\/index.php\/wp-json\/wp\/v2\/posts"}],"about":[{"href":"https:\/\/lavereda.com.mx\/index.php\/wp-json\/wp\/v2\/types\/post"}],"author":[{"embeddable":true,"href":"https:\/\/lavereda.com.mx\/index.php\/wp-json\/wp\/v2\/users\/1"}],"replies":[{"embeddable":true,"href":"https:\/\/lavereda.com.mx\/index.php\/wp-json\/wp\/v2\/comments?post=2853"}],"version-history":[{"count":2,"href":"https:\/\/lavereda.com.mx\/index.php\/wp-json\/wp\/v2\/posts\/2853\/revisions"}],"predecessor-version":[{"id":2866,"href":"https:\/\/lavereda.com.mx\/index.php\/wp-json\/wp\/v2\/posts\/2853\/revisions\/2866"}],"wp:featuredmedia":[{"embeddable":true,"href":"https:\/\/lavereda.com.mx\/index.php\/wp-json\/wp\/v2\/media\/2854"}],"wp:attachment":[{"href":"https:\/\/lavereda.com.mx\/index.php\/wp-json\/wp\/v2\/media?parent=2853"}],"wp:term":[{"taxonomy":"category","embeddable":true,"href":"https:\/\/lavereda.com.mx\/index.php\/wp-json\/wp\/v2\/categories?post=2853"},{"taxonomy":"post_tag","embeddable":true,"href":"https:\/\/lavereda.com.mx\/index.php\/wp-json\/wp\/v2\/tags?post=2853"}],"curies":[{"name":"wp","href":"https:\/\/api.w.org\/{rel}","templated":true}]}}