{"id":2849,"date":"2021-12-01T16:10:08","date_gmt":"2021-12-01T16:10:08","guid":{"rendered":"http:\/\/lavereda.com.mx\/?p=2849"},"modified":"2021-12-01T17:22:17","modified_gmt":"2021-12-01T17:22:17","slug":"mozart-y-bartok-en-el-tim-con-camerata-de-coahuila","status":"publish","type":"post","link":"https:\/\/lavereda.com.mx\/index.php\/2021\/12\/01\/mozart-y-bartok-en-el-tim-con-camerata-de-coahuila\/","title":{"rendered":"Mozart y Bart\u00f3k sonar\u00e1n con Camerata de Coahuila"},"content":{"rendered":"\n<p>Camerata de Coahuila anuncia s\u00e9ptimo concierto en donde se espera un programa especial. La entrada al p\u00fablico ser\u00e1 libre, no se proporcionar\u00e1n boletos, contar\u00e1 con un aforo de 500 personas.&nbsp;<\/p>\n\n\n\n<p>La cita para el s\u00e9ptimo concierto es este viernes 03 de diciembre en punto de las 20:30 horas, en el Teatro Isauro Mart\u00ednez.<\/p>\n\n\n\n<p>Bajo la direcci\u00f3n del Mtro. Ram\u00f3n Shade, Camerata de Coahuila prepara su s\u00e9ptimo concierto de la temporada Oto\u00f1o Invierno 2021, en cu\u00e1l dar\u00e1 un recorrido por obras de los compositores Wolfgang Amadeus Mozart y B\u00e9la Bart\u00f3k.&nbsp;<\/p>\n\n\n\n<p>Para este concierto se ejecutar\u00e1n las obras: Serenata No.9 en Re Mayor K.320 \u201cPosthorn\u201d del compositor Wolfgang Amadeus Mozart y Danzas Rumanas del compositor B\u00e9la Bart\u00f3k En medio de esta crisis Mozart escribi\u00f3 su Serenata No.9 en Re Mayor K.320 \u201cPosthorn\u201d, tambi\u00e9n conocida como \u201cSerenata del postill\u00f3n\u201d por el uso que hace el compositor, en el segundo tr\u00edo del segundo Minuetto, de un corno de posta (es decir del t\u00edpico corno utilizado por los carteros de la \u00e9poca para anunciar su llegada). La obra, en cuyo manuscrito aparece la fecha correspondiente al 3 de agosto de 1779, fue compuesta para ser ejecutada con motivo de una ceremonia en la Universidad de Salzburgo, y es la \u00faltima de las grandes serenatas solemnes que Mozart escribir\u00e1 en esa ciudad, y la \u00faltima tambi\u00e9n de las serenatas escritas en un estilo que apunta hacia el pasado.&nbsp;<\/p>\n\n\n\n<p>B\u00e9la Bart\u00f3k fue un hombre muy apegado a su pa\u00eds y mantuvo un desbordante inter\u00e9s no s\u00f3lo por la m\u00fasica tradicional, sino tambi\u00e9n para la de los pa\u00edses europeos en general.&nbsp;<\/p>\n\n\n\n<p>Las Danzas Rumanas son un verdadero testimonio de su obra. Las Danzas Rumanas fueron compuestas en 1915, se trata de arreglos para siete melod\u00edas instrumentales que Bart\u00f3k recopil\u00f3 entre 1910 y 1912 en localidades rumanas, las que serv\u00edan mejor a las intenciones del compositor por su diversidad t\u00edmbrica y variedad. Las melod\u00edas son pr\u00e1cticamente las de la fuente original, las que Bart\u00f3k elabor\u00f3 escasamente pues su intenci\u00f3n no era otra que su transformaci\u00f3n en peque\u00f1as miniaturas cuya duraci\u00f3n no sobrepasa el minuto. Para ello, Bart\u00f3k se preocup\u00f3 de estipular en la partitura la duraci\u00f3n exacta que deb\u00eda tener cada una. &nbsp;<\/p>\n\n\n\n<div class=\"wp-block-image\"><figure class=\"aligncenter size-large is-resized\"><img fetchpriority=\"high\" decoding=\"async\" src=\"https:\/\/lavereda.com.mx\/wp-content\/uploads\/2021\/12\/WhatsApp-Image-2021-11-30-at-12.15.27-1-e1638374957556.jpeg\" alt=\"\" class=\"wp-image-2850\" width=\"398\" height=\"223\"\/><\/figure><\/div>\n\n\n\n<p>Como ya se mencion\u00f3, el acceso al p\u00fablico ser\u00e1 libre, con un aforo limitado a 500 personas, por lo que se le invita al p\u00fablico general, que su llegada al recinto sea con antelaci\u00f3n. El acceso permitido a menores es a partir de los 12 a\u00f1os.<\/p>\n","protected":false},"excerpt":{"rendered":"<p>Camerata de Coahuila anuncia s\u00e9ptimo concierto en donde se espera un programa especial. La entrada al p\u00fablico ser\u00e1 libre, no se proporcionar\u00e1n boletos, contar\u00e1 con un aforo de 500 personas.&nbsp; &hellip; <a href=\"https:\/\/lavereda.com.mx\/index.php\/2021\/12\/01\/mozart-y-bartok-en-el-tim-con-camerata-de-coahuila\/\" class=\"more-link\">Leer m\u00e1s<\/a><\/p>\n","protected":false},"author":1,"featured_media":2851,"comment_status":"open","ping_status":"open","sticky":false,"template":"","format":"standard","meta":{"footnotes":""},"categories":[18,4],"tags":[],"class_list":["post-2849","post","type-post","status-publish","format-standard","has-post-thumbnail","hentry","category-lomasrelevante","category-musica","entry"],"_links":{"self":[{"href":"https:\/\/lavereda.com.mx\/index.php\/wp-json\/wp\/v2\/posts\/2849","targetHints":{"allow":["GET"]}}],"collection":[{"href":"https:\/\/lavereda.com.mx\/index.php\/wp-json\/wp\/v2\/posts"}],"about":[{"href":"https:\/\/lavereda.com.mx\/index.php\/wp-json\/wp\/v2\/types\/post"}],"author":[{"embeddable":true,"href":"https:\/\/lavereda.com.mx\/index.php\/wp-json\/wp\/v2\/users\/1"}],"replies":[{"embeddable":true,"href":"https:\/\/lavereda.com.mx\/index.php\/wp-json\/wp\/v2\/comments?post=2849"}],"version-history":[{"count":2,"href":"https:\/\/lavereda.com.mx\/index.php\/wp-json\/wp\/v2\/posts\/2849\/revisions"}],"predecessor-version":[{"id":2857,"href":"https:\/\/lavereda.com.mx\/index.php\/wp-json\/wp\/v2\/posts\/2849\/revisions\/2857"}],"wp:featuredmedia":[{"embeddable":true,"href":"https:\/\/lavereda.com.mx\/index.php\/wp-json\/wp\/v2\/media\/2851"}],"wp:attachment":[{"href":"https:\/\/lavereda.com.mx\/index.php\/wp-json\/wp\/v2\/media?parent=2849"}],"wp:term":[{"taxonomy":"category","embeddable":true,"href":"https:\/\/lavereda.com.mx\/index.php\/wp-json\/wp\/v2\/categories?post=2849"},{"taxonomy":"post_tag","embeddable":true,"href":"https:\/\/lavereda.com.mx\/index.php\/wp-json\/wp\/v2\/tags?post=2849"}],"curies":[{"name":"wp","href":"https:\/\/api.w.org\/{rel}","templated":true}]}}