{"id":2835,"date":"2021-11-30T16:42:04","date_gmt":"2021-11-30T16:42:04","guid":{"rendered":"http:\/\/lavereda.com.mx\/?p=2835"},"modified":"2021-12-01T17:27:48","modified_gmt":"2021-12-01T17:27:48","slug":"parque-ecologico-puerto-noas-amplia-su-fecha-de-exhibicion","status":"publish","type":"post","link":"https:\/\/lavereda.com.mx\/index.php\/2021\/11\/30\/parque-ecologico-puerto-noas-amplia-su-fecha-de-exhibicion\/","title":{"rendered":"Parque Ecol\u00f3gico \u00abPuerto Noas\u00bb ampl\u00eda su fecha de exhibici\u00f3n"},"content":{"rendered":"\n<p>La Direcci\u00f3n General del Telef\u00e9rico de Torre\u00f3n, informa que la exhibici\u00f3n itinerante de <em>Dinosaurios<\/em> en el Puerto Las Noas se extiende hasta el 5 de diciembre, toda vez que han sido 142 mil personas las que la han visitado en una semana y ha tenido una gran demanda.<\/p>\n\n\n\n<p>Ver\u00f3nica Soto D\u00edaz, Directora General del transporte a\u00e9reo, coment\u00f3 que debido a la alta respuesta que ha tenido de las y los laguneros dicha exhibici\u00f3n, el gobernador Miguel \u00c1ngel Riquelme Sol\u00eds dio a la instrucci\u00f3n de que se ampliar\u00e1 la fecha.<\/p>\n\n\n\n<p>\u201cEl se\u00f1or Gobernador, ante miles de peticiones y ante la respuesta de tener a m\u00e1s de 100 mil personas visitando a los dinosaurios, ampli\u00f3 la fecha\u201d. La funcionaria agradeci\u00f3 a quienes han acudido a presenciar la muestra y ofreci\u00f3 una disculpa a quienes han ido, pero dada la cantidad de personas se han tenido que retirar antes de poderla apreciar.<\/p>\n\n\n\n<p>Se\u00f1al\u00f3 que no se imagin\u00f3 que tendr\u00edan esa afluencia, y dado que se extendi\u00f3 ocho d\u00edas m\u00e1s, pide a la poblaci\u00f3n tener mayor consciencia, pues el Covid-19 no se ha acabado y el 80 por ciento de los que han acudido son ni\u00f1as y ni\u00f1os.<\/p>\n\n\n\n<p>Advirti\u00f3 que, como personal del Telef\u00e9rico, hacen todo lo que est\u00e1 en sus manos: \u201cPero es impresionante la cantidad de basura que est\u00e1 quedando abajo (en la Estaci\u00f3n Trevi\u00f1o), hay 4 botes de basura y constantemente se est\u00e1 retirando, pero la ciudadan\u00eda no la est\u00e1 depositando en su lugar\u201d.<\/p>\n\n\n\n<p>Pidi\u00f3 as\u00ed la cooperaci\u00f3n de la gente para que tanto las instalaciones del emblem\u00e1tico paseo tur\u00edstico como Puerto Las Noas est\u00e9n lo m\u00e1s limpias posibles: <\/p>\n\n\n\n<blockquote class=\"wp-block-quote is-layout-flow wp-block-quote-is-layout-flow\"><p>\u201cPido su colaboraci\u00f3n, tenemos que ser corresponsables todos\u201d.<\/p><\/blockquote>\n\n\n\n<p>La servidora p\u00fablica inform\u00f3 que la mayor\u00eda de quienes acuden a la exposici\u00f3n est\u00e1n subiendo en veh\u00edculos, por lo que est\u00e1n intercalando las personas que ascienden por el Telef\u00e9rico con aquellos que lo hacen en sus muebles.<\/p>\n\n\n\n<p>Adem\u00e1s se\u00f1al\u00f3 que entiende la molestia de la gente, pero llam\u00f3 a la prudencia, y anunci\u00f3 que para aquellos que suben por el estacionamiento se estar\u00e1 limitando el acceso a las 19:00 horas a la exposici\u00f3n de dinosaurios, despu\u00e9s de \u00e9sta ya no podr\u00e1n entrar.<\/p>\n\n\n\n<p>Los horarios establecidos para el telef\u00e9rico son de martes a domingo los horarios de las 11:00 a 22:00 horas.&nbsp;<\/p>\n\n\n\n<div class=\"wp-block-image\"><figure class=\"aligncenter size-large is-resized\"><img fetchpriority=\"high\" decoding=\"async\" src=\"https:\/\/lavereda.com.mx\/wp-content\/uploads\/2021\/11\/003-PARQUE-ECOL\u00d3GICO-1024x673.jpeg\" alt=\"\" class=\"wp-image-2844\" width=\"363\" height=\"239\"\/><\/figure><\/div>\n\n\n\n<p>En este lapso se vender\u00e1n boletos en taquilla: \u201cNo significa que a las 22:00 horas se cierra. Estamos cerrando El Telef\u00e9rico a las 12 de la noche, hasta que bajamos a la \u00faltima persona\u201d.<\/p>\n","protected":false},"excerpt":{"rendered":"<p>La Direcci\u00f3n General del Telef\u00e9rico de Torre\u00f3n, informa que la exhibici\u00f3n itinerante de Dinosaurios en el Puerto Las Noas se extiende hasta el 5 de diciembre, toda vez que han &hellip; <a href=\"https:\/\/lavereda.com.mx\/index.php\/2021\/11\/30\/parque-ecologico-puerto-noas-amplia-su-fecha-de-exhibicion\/\" class=\"more-link\">Leer m\u00e1s<\/a><\/p>\n","protected":false},"author":1,"featured_media":2845,"comment_status":"open","ping_status":"open","sticky":false,"template":"","format":"standard","meta":{"footnotes":""},"categories":[3,18,8],"tags":[],"class_list":["post-2835","post","type-post","status-publish","format-standard","has-post-thumbnail","hentry","category-artes-visuales","category-lomasrelevante","category-sociedad","entry"],"_links":{"self":[{"href":"https:\/\/lavereda.com.mx\/index.php\/wp-json\/wp\/v2\/posts\/2835","targetHints":{"allow":["GET"]}}],"collection":[{"href":"https:\/\/lavereda.com.mx\/index.php\/wp-json\/wp\/v2\/posts"}],"about":[{"href":"https:\/\/lavereda.com.mx\/index.php\/wp-json\/wp\/v2\/types\/post"}],"author":[{"embeddable":true,"href":"https:\/\/lavereda.com.mx\/index.php\/wp-json\/wp\/v2\/users\/1"}],"replies":[{"embeddable":true,"href":"https:\/\/lavereda.com.mx\/index.php\/wp-json\/wp\/v2\/comments?post=2835"}],"version-history":[{"count":2,"href":"https:\/\/lavereda.com.mx\/index.php\/wp-json\/wp\/v2\/posts\/2835\/revisions"}],"predecessor-version":[{"id":2858,"href":"https:\/\/lavereda.com.mx\/index.php\/wp-json\/wp\/v2\/posts\/2835\/revisions\/2858"}],"wp:featuredmedia":[{"embeddable":true,"href":"https:\/\/lavereda.com.mx\/index.php\/wp-json\/wp\/v2\/media\/2845"}],"wp:attachment":[{"href":"https:\/\/lavereda.com.mx\/index.php\/wp-json\/wp\/v2\/media?parent=2835"}],"wp:term":[{"taxonomy":"category","embeddable":true,"href":"https:\/\/lavereda.com.mx\/index.php\/wp-json\/wp\/v2\/categories?post=2835"},{"taxonomy":"post_tag","embeddable":true,"href":"https:\/\/lavereda.com.mx\/index.php\/wp-json\/wp\/v2\/tags?post=2835"}],"curies":[{"name":"wp","href":"https:\/\/api.w.org\/{rel}","templated":true}]}}