{"id":2829,"date":"2021-11-29T17:00:49","date_gmt":"2021-11-29T17:00:49","guid":{"rendered":"http:\/\/lavereda.com.mx\/?p=2829"},"modified":"2021-11-29T17:01:34","modified_gmt":"2021-11-29T17:01:34","slug":"teresa-munoz-presenta-su-libro-de-cuentos-el-fin-de-la-inocencia","status":"publish","type":"post","link":"https:\/\/lavereda.com.mx\/index.php\/2021\/11\/29\/teresa-munoz-presenta-su-libro-de-cuentos-el-fin-de-la-inocencia\/","title":{"rendered":"Teresa Mu\u00f1oz presenta su libro de cuentos \u00abEl fin de la inocencia\u00bb"},"content":{"rendered":"\n<p>La escritora Teresa Mu\u00f1oz presentar\u00e1 su libro de cuentos \u201cEl fin de la inocencia\u201d el mi\u00e9rcoles 1 de diciembre a las 19:00 horas, en la Sala El\u00edas Murra del Teatro Isauro Mart\u00ednez. La acompa\u00f1an en la presentaci\u00f3n los escritores Adriana Vargas y Alfredo Loera.<\/p>\n\n\n\n<blockquote class=\"wp-block-quote is-layout-flow wp-block-quote-is-layout-flow\"><p>\u00a0\u201cEl fin de la inocencia\u201d<em>\u00a0<\/em>de Teresa Mu\u00f1oz (Quintanilla Ediciones, 2020), seg\u00fan Guadalupe Herrera, es un libro de cuentos que habla sobre la femineidad profunda, obscura, esa que nos vuelve m\u00e1s reales, m\u00e1s poderosas cuando la aceptamos sin recelo y con pasi\u00f3n. Habla de la parte delirante que toda mujer tiene, pero que pocas se ponen a pensar en ella. Es el fin de lo perfecto, de lo impoluto,\u00a0\u00a0de lo que se requiere que sea bueno, generoso y siempre sacrificado; el fin de la m\u00e1rtir que dedica su ser a dar vida, a dar amor y a ser siempre fuerte porque as\u00ed hay que ser porque as\u00ed ha sido siempre.\u00a0<\/p><\/blockquote>\n\n\n\n<p>Es el rojo oscuro de un pensamiento que no queremos admitir, deseos que no nos permitimos tener, memorias que no queremos revivir porque son inc\u00f3modas, porque nos llevan a una verdad dura, poco aceptable o dif\u00edcil de comprender. El rojo del terror, pero tambi\u00e9n de la tentaci\u00f3n de la locura, de las noches en el mar, de la inmensidad, del sexo, de las calles nocturnas, de dar a luz a la misma muerte, de ser mujer.<\/p>\n\n\n\n<p>Este libro es cada mujer que sue\u00f1a con un d\u00eda perder la inocencia y abrazar el delirio y la pasi\u00f3n.&nbsp;<\/p>\n\n\n\n<p><strong>Teresa Mu\u00f1oz.&nbsp;<\/strong>Ha publicado cuentos en revistas literarias como An\u00f3nimos Suburbios, Pasto Verde y Blanco M\u00f3vil.<strong><\/strong>Art\u00edculos&nbsp;en la p\u00e1gina Escritoras Mexicanas y en el portal period\u00edstico electr\u00f3nico&nbsp;Red es Poder.&nbsp;<\/p>\n\n\n\n<p>Fue directora de la Escuela de Escritores de la Laguna durante doce a\u00f1os Actualmente es autora&nbsp;&nbsp;de la columna \u201cLas actrices tambi\u00e9n leen\u201d, que se publica en la revista electr\u00f3nica Bit\u00e1cora de Vuelos y&nbsp;&nbsp;de la columna \u201cLos riesgos del ocio\u201d, publicada en la revista electr\u00f3nica La Vereda&nbsp;<\/p>\n\n\n\n<p>La p\u00e1gina DEMAC, public\u00f3 Su texto \u201cConfesi\u00f3n\u201d que concurs\u00f3 en Premios Demac 2019-2020. Para mujeres que se atreven a pensar y a proponer.<em>&nbsp;<\/em>\u201cMexicanas al grito de\u2026 \u00a1ya basta!<em>\u201d&nbsp;<\/em>Se encuentra disponible en la p\u00e1gina DEMAC.<\/p>\n\n\n\n<p>Coordina talleres literarios, presentaciones de libros, charlas literarias y diplomados en diversos espacios en la Laguna y virtuales.<\/p>\n\n\n\n<p><strong>Adriana Vargas.<\/strong>&nbsp;Periodista cultural con 20 a\u00f1os de trayectoria. Tambi\u00e9n se desempe\u00f1a en el \u00e1rea de relaciones p\u00fablicas, difusi\u00f3n cultural, comunicaci\u00f3n social y redes sociales. Es licenciada en Ciencias de la Comunicaci\u00f3n por la Universidad La Salle y Maestra en Estudios Human\u00edsticos por el Tecnol\u00f3gico de Monterrey. Realiz\u00f3 estudios en la Escuela de Periodismo de EL PA\u00cdS, Espa\u00f1a; y una pasant\u00eda en la redacci\u00f3n del diario EL PAIS en la secci\u00f3n de Cultura. Coordinadora editorial y escritora en los libros \u201cTorre\u00f3n Ciudad Centenaria\u201d,&nbsp;&nbsp;\u201cFamilias Centenarias\u201d. Autora del libro \u201cMagdalena Briones: por amor a la danza y a la tierra\u201d.<\/p>\n\n\n\n<p>Fund\u00f3 y dirige el portal \u201cLa Vereda: Arte, Sociedad y Ocio\u201d.<\/p>\n\n\n\n<p><strong>Alfredo Loera.<\/strong>&nbsp;Es Maestro en Literatura Mexicana por la Universidad Veracruzana. Egresado de la Escuela de Escritores de La Laguna. De 2009 a 2011 fue becario de la Fundaci\u00f3n para las Letras Mexicanas. Publicaciones suyas han aparecido en revistas como Casa del Tiempo, C\u00edrculo de Poes\u00eda, Fundaci\u00f3n, Pliego 16, Ad Libitum, Este Pa\u00eds, Siglo Nuevo y Tierra Adentro. Es autor de los libros&nbsp;<em>Aquella luz p\u00farpura<\/em>&nbsp;(FETA, 2017) y&nbsp;<em>Wish you were here<\/em>, (SEC, 2020). Su obra tambi\u00e9n aparece en las antolog\u00edas&nbsp;<em>Im\u00e1genes \/ Destinos: Muestra de literatura joven de M\u00e9xico&nbsp;<\/em>(Ediciones Sin Nombre \/ Fundaci\u00f3n para las Letras Mexicanas, 2013),&nbsp;<em>Horizontes de sol y polvo. Panorama del cuento lagunero<\/em>&nbsp;(SEC, 2015) y&nbsp;<em>Cuentistas de Tierra Adentro<\/em>, 2007\u20132017 (Tierra Adentro, 2017).<\/p>\n\n\n\n<p>Colabora en Red es Poder. Actualmente cursa el Doctorado en Literatura Hispanoamericana en la Universidad Veracruzana.<\/p>\n","protected":false},"excerpt":{"rendered":"<p>La escritora Teresa Mu\u00f1oz presentar\u00e1 su libro de cuentos \u201cEl fin de la inocencia\u201d el mi\u00e9rcoles 1 de diciembre a las 19:00 horas, en la Sala El\u00edas Murra del Teatro &hellip; <a href=\"https:\/\/lavereda.com.mx\/index.php\/2021\/11\/29\/teresa-munoz-presenta-su-libro-de-cuentos-el-fin-de-la-inocencia\/\" class=\"more-link\">Leer m\u00e1s<\/a><\/p>\n","protected":false},"author":1,"featured_media":2830,"comment_status":"open","ping_status":"open","sticky":false,"template":"","format":"standard","meta":{"footnotes":""},"categories":[5,18],"tags":[],"class_list":["post-2829","post","type-post","status-publish","format-standard","has-post-thumbnail","hentry","category-letras-y-libros","category-lomasrelevante","entry"],"_links":{"self":[{"href":"https:\/\/lavereda.com.mx\/index.php\/wp-json\/wp\/v2\/posts\/2829","targetHints":{"allow":["GET"]}}],"collection":[{"href":"https:\/\/lavereda.com.mx\/index.php\/wp-json\/wp\/v2\/posts"}],"about":[{"href":"https:\/\/lavereda.com.mx\/index.php\/wp-json\/wp\/v2\/types\/post"}],"author":[{"embeddable":true,"href":"https:\/\/lavereda.com.mx\/index.php\/wp-json\/wp\/v2\/users\/1"}],"replies":[{"embeddable":true,"href":"https:\/\/lavereda.com.mx\/index.php\/wp-json\/wp\/v2\/comments?post=2829"}],"version-history":[{"count":2,"href":"https:\/\/lavereda.com.mx\/index.php\/wp-json\/wp\/v2\/posts\/2829\/revisions"}],"predecessor-version":[{"id":2832,"href":"https:\/\/lavereda.com.mx\/index.php\/wp-json\/wp\/v2\/posts\/2829\/revisions\/2832"}],"wp:featuredmedia":[{"embeddable":true,"href":"https:\/\/lavereda.com.mx\/index.php\/wp-json\/wp\/v2\/media\/2830"}],"wp:attachment":[{"href":"https:\/\/lavereda.com.mx\/index.php\/wp-json\/wp\/v2\/media?parent=2829"}],"wp:term":[{"taxonomy":"category","embeddable":true,"href":"https:\/\/lavereda.com.mx\/index.php\/wp-json\/wp\/v2\/categories?post=2829"},{"taxonomy":"post_tag","embeddable":true,"href":"https:\/\/lavereda.com.mx\/index.php\/wp-json\/wp\/v2\/tags?post=2829"}],"curies":[{"name":"wp","href":"https:\/\/api.w.org\/{rel}","templated":true}]}}