{"id":2826,"date":"2021-11-28T21:19:35","date_gmt":"2021-11-28T21:19:35","guid":{"rendered":"http:\/\/lavereda.com.mx\/?p=2826"},"modified":"2021-11-28T21:19:37","modified_gmt":"2021-11-28T21:19:37","slug":"cruella","status":"publish","type":"post","link":"https:\/\/lavereda.com.mx\/index.php\/2021\/11\/28\/cruella\/","title":{"rendered":"Cruella"},"content":{"rendered":"\n<p><strong>Cruella, 2020<\/strong><\/p>\n\n\n\n<p>Disney Plus<\/p>\n\n\n\n<p>Aunque parec\u00eda innecesaria la explicaci\u00f3n del origen de la malvada Cruella de Vil, Disney decidi\u00f3 darle una historia y un pasado.<\/p>\n\n\n\n<p>Sorpresivamente, la dama elegante y mal\u00e9vola que pretend\u00eda matar a los 101 d\u00e1lmatas para crearse un abrigo canino, tienes sus or\u00edgenes en la bondad. La se\u00f1ora de cabello bicolor resulta que es una v\u00edctima que, de ni\u00f1a, quiso comportarse con propiedad, aunque fue afectada por la sevicia y la ambici\u00f3n.<\/p>\n\n\n\n<p>En esta cinta live action ocurren los acontecimientos de una Cruella juvenil, personaje que, hace 25 a\u00f1os, hizo popular la magn\u00edfica Glenn Close, que se comportaba como una s\u00e1dica lun\u00e1tica que quer\u00eda revolucionar la moda.<\/p>\n\n\n\n<p>El director Craig Gillespie le da un giro interesante y juvenil a la mitolog\u00eda de los d\u00e1lmatas y presenta esta historia como una \u00f3pera punk, musicalmente ambientada en los 70, para presentar a la chica que era conocida como Estella, que se convierte en un misterioso \u00edcono pop de la moda<\/p>\n\n\n\n<p>De ni\u00f1a, la chica sufre una terrible p\u00e9rdida que la hace vagar por la ciudad, acompa\u00f1ada de simp\u00e1ticos amigos que la protegen y que se vuelven, como ella, expertos carteristas.<\/p>\n\n\n\n<p>Hasta que le llega la gran oportunidad que no desaprovechar\u00e1 para demostrar su talento.<\/p>\n\n\n\n<p>La cinta es muy divertida, y resultar\u00e1 encantadora para toda la familia.<\/p>\n\n\n\n<p>(PG-13. Orientaci\u00f3n de los padres a menores de 13 a\u00f1os)<\/p>\n\n\n\n<p>@LucianoCamposG<\/p>\n","protected":false},"excerpt":{"rendered":"<p>Cruella, 2020 Disney Plus Aunque parec\u00eda innecesaria la explicaci\u00f3n del origen de la malvada Cruella de Vil, Disney decidi\u00f3 darle una historia y un pasado. Sorpresivamente, la dama elegante y &hellip; <a href=\"https:\/\/lavereda.com.mx\/index.php\/2021\/11\/28\/cruella\/\" class=\"more-link\">Leer m\u00e1s<\/a><\/p>\n","protected":false},"author":3,"featured_media":2827,"comment_status":"open","ping_status":"open","sticky":false,"template":"","format":"standard","meta":{"footnotes":""},"categories":[6],"tags":[],"class_list":["post-2826","post","type-post","status-publish","format-standard","has-post-thumbnail","hentry","category-cinetv","entry"],"_links":{"self":[{"href":"https:\/\/lavereda.com.mx\/index.php\/wp-json\/wp\/v2\/posts\/2826","targetHints":{"allow":["GET"]}}],"collection":[{"href":"https:\/\/lavereda.com.mx\/index.php\/wp-json\/wp\/v2\/posts"}],"about":[{"href":"https:\/\/lavereda.com.mx\/index.php\/wp-json\/wp\/v2\/types\/post"}],"author":[{"embeddable":true,"href":"https:\/\/lavereda.com.mx\/index.php\/wp-json\/wp\/v2\/users\/3"}],"replies":[{"embeddable":true,"href":"https:\/\/lavereda.com.mx\/index.php\/wp-json\/wp\/v2\/comments?post=2826"}],"version-history":[{"count":1,"href":"https:\/\/lavereda.com.mx\/index.php\/wp-json\/wp\/v2\/posts\/2826\/revisions"}],"predecessor-version":[{"id":2828,"href":"https:\/\/lavereda.com.mx\/index.php\/wp-json\/wp\/v2\/posts\/2826\/revisions\/2828"}],"wp:featuredmedia":[{"embeddable":true,"href":"https:\/\/lavereda.com.mx\/index.php\/wp-json\/wp\/v2\/media\/2827"}],"wp:attachment":[{"href":"https:\/\/lavereda.com.mx\/index.php\/wp-json\/wp\/v2\/media?parent=2826"}],"wp:term":[{"taxonomy":"category","embeddable":true,"href":"https:\/\/lavereda.com.mx\/index.php\/wp-json\/wp\/v2\/categories?post=2826"},{"taxonomy":"post_tag","embeddable":true,"href":"https:\/\/lavereda.com.mx\/index.php\/wp-json\/wp\/v2\/tags?post=2826"}],"curies":[{"name":"wp","href":"https:\/\/api.w.org\/{rel}","templated":true}]}}