{"id":2822,"date":"2021-11-27T20:00:51","date_gmt":"2021-11-27T20:00:51","guid":{"rendered":"http:\/\/lavereda.com.mx\/?p=2822"},"modified":"2021-11-27T20:01:54","modified_gmt":"2021-11-27T20:01:54","slug":"la-opera-es-un-arte-que-se-tiene-que-vivir","status":"publish","type":"post","link":"https:\/\/lavereda.com.mx\/index.php\/2021\/11\/27\/la-opera-es-un-arte-que-se-tiene-que-vivir\/","title":{"rendered":"\u201cLa \u00f3pera es un arte que se tiene que vivir\u201d"},"content":{"rendered":"\n<p>Una de las \u00f3peras m\u00e1s conocidas de Puccini \u201cLa Boh\u00e8me\u201d, es presentada por la Orquesta Sinf\u00f3nica Juvenil de Torre\u00f3n (OSIJUT) y el Estudio de \u00d3pera del Instituto de M\u00fasica de Coahuila, bajo la direcci\u00f3n art\u00edstica de Ethan Eager y la direcci\u00f3n esc\u00e9nica de Octavio Rivas, en tres pr\u00f3ximas funciones.<\/p>\n\n\n\n<p>La primera funci\u00f3n de esta versi\u00f3n concertante, es este s\u00e1bado 27 de noviembre en el complejo cultural La Harinera desde las 16:00 horas. Habr\u00e1 dos funciones m\u00e1s el&nbsp;29 de noviembre en el Teatro Nazas y el 1 de diciembre en el Teatro Isauro Mart\u00ednez, a las 19:30 horas.<\/p>\n\n\n\n<p>Dividida en cuatro actos y basada en la novela de Henri Murger \u201cEscenas de la vida Bohemia\u201d, esta obra narra la vida de un grupo de artistas y el romance entre una costurera y un escritor en Par\u00eds en la d\u00e9cada de 1840.<\/p>\n\n\n\n<p>La orquesta sinf\u00f3nica, compuesta por m\u00e1s de 50 m\u00fasicos j\u00f3venes, se presenta sobre el escenario, comparti\u00e9ndolo con los 7 solistas que estar\u00e1n caracterizados. El director esc\u00e9nico, Octavio Rivas, ofreci\u00f3 una entrevista sobre el proceso de prepraci\u00f3n y montaje.<\/p>\n\n\n\n<p>El tenor es director de&nbsp;Estudio de \u00f3pera del INMUS desde la segunda mitad de este a\u00f1o, un proyecto enfocado en producir \u00f3pera y formar cantantes para que tengan la oportunidad de participar en audiciones a nivel nacional e internacional.<\/p>\n\n\n\n<p>\u201cYo soy el director asociado de las audiciones del MET de Nueva York, es una competencia que estaba cerrada a los mexicanos, hasta hace poco. A trav\u00e9s de esa competencia, he ayudado a cantantes a posicionarse en el extranjero. Mi objetivo es tomar talento lagunero y exportarlo. Hacer que los chavos aqu\u00ed crezcan\u201d, comparti\u00f3 el cantante.<\/p>\n\n\n\n<p>A la pregunta de si hay talento en esta regi\u00f3n con esa posibilidad, afirm\u00f3 que s\u00ed. \u201cMundialmente es conocido que M\u00e9xico tiene un gran talento en la \u00f3pera, pero tenemos que ir m\u00e1s all\u00e1. Espero que varios de ellos puedan presentarse a los concursos nacionales o internacionales\u201d.<\/p>\n\n\n\n<p>Sobre la preparaci\u00f3n de montaje de la Boheme, el tenor comparti\u00f3:<\/p>\n\n\n\n<blockquote class=\"wp-block-quote is-layout-flow wp-block-quote-is-layout-flow\"><p>\u201cToda la escena y escenograf\u00eda se adapt\u00f3 para un espacio m\u00e1s peque\u00f1o para poder estar en el proscenio, la orquesta estar\u00e1 en el escenario. Es una Boheme adaptada a la \u00e9poca contempor\u00e1nea, no tenemos vestidos de \u00e9poca. Par\u00eds del siglo XIX , es un poco complicado reproducirlo, para hacer las cosas m\u00e1s f\u00e1ciles para nosotros, decidimos hacerlo contempor\u00e1neo\u201d.&nbsp;<\/p><\/blockquote>\n\n\n\n<p>Agreg\u00f3 que es una historia de personas \u201cnormales\u201d, no son ricos, ni est\u00e1n en un castillo, son estudiantes. \u201cViven cuatro en un mismo departamento, quisimos darle ese aire bohemio, no es algo glamuroso\u201d.<\/p>\n\n\n\n<p>Esta \u00f3pera como muchas otras, en su opini\u00f3n, puede ser apreciada por todo p\u00fablico:<\/p>\n\n\n\n<p>\u201cLa historia s\u00faper accesible, es f\u00e1cil identificarse con los personajes, que viven situaciones de la vida diaria cotidianas\u201d.<\/p>\n\n\n\n<p>\u201cLo que importa en una \u00f3pera es ir y sentirla, la gente dice que no le gusta, pero cuando van la experimentan, sin micr\u00f3fono sin pantalla, cuando la sienten les cambia la perspectiva por completo\u201d.<\/p>\n\n\n\n<p>Sobre esta manifestaci\u00f3n, tambi\u00e9n expres\u00f3:<\/p>\n\n\n\n<p>\u201cEs un arte que se tiene que vivir, yo invito a todas las personas a que la vivan. Estoy casi seguro que van a encontrar algo que les va gustar con lo que se van a sentir identificados, les va a despertar cierta curiosidad cierto amor a la historia\u201d, puntualiz\u00f3.<\/p>\n\n\n\n<p>Reparto:<\/p>\n\n\n\n<ul class=\"wp-block-list\"><li>Mim\u00ed &#8211; Luz Alicia \u00c1vila&nbsp;<\/li><li>Rodolfo &#8211; Octavio Rivas \/ Eduardo Niave&nbsp;<\/li><li>Marcello &#8211; Arturo Lora<\/li><li>Musetta &#8211; Alma Guti\u00e9rrez<\/li><li>Colline &#8211; Jos\u00e9 Luis Marrero<\/li><li>Schaunard &#8211; Octavio Gonz\u00e1lez<\/li><li>Beno\u00eet \/ Alcindoro &#8211; Alfredo Flores<\/li><\/ul>\n","protected":false},"excerpt":{"rendered":"<p>Una de las \u00f3peras m\u00e1s conocidas de Puccini \u201cLa Boh\u00e8me\u201d, es presentada por la Orquesta Sinf\u00f3nica Juvenil de Torre\u00f3n (OSIJUT) y el Estudio de \u00d3pera del Instituto de M\u00fasica de &hellip; <a href=\"https:\/\/lavereda.com.mx\/index.php\/2021\/11\/27\/la-opera-es-un-arte-que-se-tiene-que-vivir\/\" class=\"more-link\">Leer m\u00e1s<\/a><\/p>\n","protected":false},"author":9,"featured_media":2823,"comment_status":"open","ping_status":"open","sticky":false,"template":"","format":"standard","meta":{"footnotes":""},"categories":[2,18],"tags":[],"class_list":["post-2822","post","type-post","status-publish","format-standard","has-post-thumbnail","hentry","category-artes-escenicas","category-lomasrelevante","entry"],"_links":{"self":[{"href":"https:\/\/lavereda.com.mx\/index.php\/wp-json\/wp\/v2\/posts\/2822","targetHints":{"allow":["GET"]}}],"collection":[{"href":"https:\/\/lavereda.com.mx\/index.php\/wp-json\/wp\/v2\/posts"}],"about":[{"href":"https:\/\/lavereda.com.mx\/index.php\/wp-json\/wp\/v2\/types\/post"}],"author":[{"embeddable":true,"href":"https:\/\/lavereda.com.mx\/index.php\/wp-json\/wp\/v2\/users\/9"}],"replies":[{"embeddable":true,"href":"https:\/\/lavereda.com.mx\/index.php\/wp-json\/wp\/v2\/comments?post=2822"}],"version-history":[{"count":2,"href":"https:\/\/lavereda.com.mx\/index.php\/wp-json\/wp\/v2\/posts\/2822\/revisions"}],"predecessor-version":[{"id":2825,"href":"https:\/\/lavereda.com.mx\/index.php\/wp-json\/wp\/v2\/posts\/2822\/revisions\/2825"}],"wp:featuredmedia":[{"embeddable":true,"href":"https:\/\/lavereda.com.mx\/index.php\/wp-json\/wp\/v2\/media\/2823"}],"wp:attachment":[{"href":"https:\/\/lavereda.com.mx\/index.php\/wp-json\/wp\/v2\/media?parent=2822"}],"wp:term":[{"taxonomy":"category","embeddable":true,"href":"https:\/\/lavereda.com.mx\/index.php\/wp-json\/wp\/v2\/categories?post=2822"},{"taxonomy":"post_tag","embeddable":true,"href":"https:\/\/lavereda.com.mx\/index.php\/wp-json\/wp\/v2\/tags?post=2822"}],"curies":[{"name":"wp","href":"https:\/\/api.w.org\/{rel}","templated":true}]}}