{"id":2815,"date":"2021-11-27T07:08:49","date_gmt":"2021-11-27T07:08:49","guid":{"rendered":"http:\/\/lavereda.com.mx\/?p=2815"},"modified":"2021-11-27T07:08:51","modified_gmt":"2021-11-27T07:08:51","slug":"la-fcpys-de-la-uadec-presenta-la-segunda-semana-de-la-digitalidad","status":"publish","type":"post","link":"https:\/\/lavereda.com.mx\/index.php\/2021\/11\/27\/la-fcpys-de-la-uadec-presenta-la-segunda-semana-de-la-digitalidad\/","title":{"rendered":"La FCPyS de la UAdeC presenta la segunda semana de la digitalidad"},"content":{"rendered":"\n<p>Como parte de las actividades que se llevan a cabo de manera virtual, Di\u00e1logos digitales es el nombre del Observatorio de fen\u00f3menos en Internet y medios digitales de la Facultad de Ciencias Pol\u00edticas y Sociales de la Universidad Aut\u00f3noma de Coahuila; liderado por la Mtra. Nahayeli G\u00f3mez y conformado por alumnos. <\/p>\n\n\n\n<p>Este a\u00f1o presentan la segunda edici\u00f3n en donde cuentan con el apoyo de <a href=\"https:\/\/www.facebook.com\/hashtag\/comunidadesvirtualesup?__eep__=6&amp;__cft__[0]=AZWQ9D_AT15WRBM24rEuVFCa9-lFiiEx8uhP6e_12p_uGZ3jSkqjCecM3spVsYRq3oXlgb_EUOZGBU3osabzUWtUMO3pLqK9HSSsvjagf4CNUlh095g7d7jrY72wgLNluSXtKRDqF-k9zdIsqq7lhNlTpJFl-w_IokBGXgP187HZMA&amp;__tn__=*NK-R\">#ComunidadesVirtualesUP<\/a> de la Universidad Panamericana, el Laboratorio de Alfabetizaci\u00f3n Medi\u00e1tica e Informacional de la Universidad Intercontinental <a href=\"https:\/\/www.facebook.com\/hashtag\/uic?__eep__=6&amp;__cft__[0]=AZWQ9D_AT15WRBM24rEuVFCa9-lFiiEx8uhP6e_12p_uGZ3jSkqjCecM3spVsYRq3oXlgb_EUOZGBU3osabzUWtUMO3pLqK9HSSsvjagf4CNUlh095g7d7jrY72wgLNluSXtKRDqF-k9zdIsqq7lhNlTpJFl-w_IokBGXgP187HZMA&amp;__tn__=*NK-R\">#UIC<\/a> y el Observatorio de Medios de la FES Arag\u00f3n de la <a href=\"https:\/\/www.facebook.com\/hashtag\/unam?__eep__=6&amp;__cft__[0]=AZWQ9D_AT15WRBM24rEuVFCa9-lFiiEx8uhP6e_12p_uGZ3jSkqjCecM3spVsYRq3oXlgb_EUOZGBU3osabzUWtUMO3pLqK9HSSsvjagf4CNUlh095g7d7jrY72wgLNluSXtKRDqF-k9zdIsqq7lhNlTpJFl-w_IokBGXgP187HZMA&amp;__tn__=*NK-R\">#UNAM<\/a>.<\/p>\n\n\n\n<p>La semana de la digitalidad cuenta con talleres, conferencias y algunas presentaciones que se hacen durante toda la semana. Esta edici\u00f3n comenz\u00f3 este viernes 26 de noviembre con el taller \u00abAcompa\u00f1antes de violencia digital\u00bb impartido por la Lic. Wina Rosas Escutia (Instituto Nacional de las Mujeres), y la Lic. Ang\u00e9lica Contreras (Cultivando G\u00e9nero- Asociaci\u00f3n Civil).<\/p>\n\n\n\n<div class=\"wp-block-image\"><figure class=\"aligncenter size-large is-resized\"><img fetchpriority=\"high\" decoding=\"async\" src=\"https:\/\/lavereda.com.mx\/wp-content\/uploads\/2021\/11\/Disen\u0303o-sin-ti\u0301tulo-2-1024x576.png\" alt=\"\" class=\"wp-image-2818\" width=\"426\" height=\"239\"\/><\/figure><\/div>\n\n\n\n<p>En este primer taller se abord\u00f3 la importancia de la violencia de g\u00e9nero que se vive actualmente en los medios digitales y c\u00f3mo se debe mantener un acompa\u00f1amiento en la adolescencia.<\/p>\n\n\n\n<p>Las conferencias continuar\u00e1n a partir de este pr\u00f3ximo lunes a trav\u00e9s de la plataforma en Facebook de Di\u00e1logos Digitales<\/p>\n\n\n\n<p>Para mayor informaci\u00f3n visita la p\u00e1gina https:\/\/www.facebook.com\/DialogosDigitalesUAdeC\/<\/p>\n\n\n\n<p><\/p>\n","protected":false},"excerpt":{"rendered":"<p>Como parte de las actividades que se llevan a cabo de manera virtual, Di\u00e1logos digitales es el nombre del Observatorio de fen\u00f3menos en Internet y medios digitales de la Facultad &hellip; <a href=\"https:\/\/lavereda.com.mx\/index.php\/2021\/11\/27\/la-fcpys-de-la-uadec-presenta-la-segunda-semana-de-la-digitalidad\/\" class=\"more-link\">Leer m\u00e1s<\/a><\/p>\n","protected":false},"author":14,"featured_media":2819,"comment_status":"open","ping_status":"open","sticky":false,"template":"","format":"standard","meta":{"footnotes":""},"categories":[18,8],"tags":[],"class_list":["post-2815","post","type-post","status-publish","format-standard","has-post-thumbnail","hentry","category-lomasrelevante","category-sociedad","entry"],"_links":{"self":[{"href":"https:\/\/lavereda.com.mx\/index.php\/wp-json\/wp\/v2\/posts\/2815","targetHints":{"allow":["GET"]}}],"collection":[{"href":"https:\/\/lavereda.com.mx\/index.php\/wp-json\/wp\/v2\/posts"}],"about":[{"href":"https:\/\/lavereda.com.mx\/index.php\/wp-json\/wp\/v2\/types\/post"}],"author":[{"embeddable":true,"href":"https:\/\/lavereda.com.mx\/index.php\/wp-json\/wp\/v2\/users\/14"}],"replies":[{"embeddable":true,"href":"https:\/\/lavereda.com.mx\/index.php\/wp-json\/wp\/v2\/comments?post=2815"}],"version-history":[{"count":3,"href":"https:\/\/lavereda.com.mx\/index.php\/wp-json\/wp\/v2\/posts\/2815\/revisions"}],"predecessor-version":[{"id":2821,"href":"https:\/\/lavereda.com.mx\/index.php\/wp-json\/wp\/v2\/posts\/2815\/revisions\/2821"}],"wp:featuredmedia":[{"embeddable":true,"href":"https:\/\/lavereda.com.mx\/index.php\/wp-json\/wp\/v2\/media\/2819"}],"wp:attachment":[{"href":"https:\/\/lavereda.com.mx\/index.php\/wp-json\/wp\/v2\/media?parent=2815"}],"wp:term":[{"taxonomy":"category","embeddable":true,"href":"https:\/\/lavereda.com.mx\/index.php\/wp-json\/wp\/v2\/categories?post=2815"},{"taxonomy":"post_tag","embeddable":true,"href":"https:\/\/lavereda.com.mx\/index.php\/wp-json\/wp\/v2\/tags?post=2815"}],"curies":[{"name":"wp","href":"https:\/\/api.w.org\/{rel}","templated":true}]}}