{"id":2795,"date":"2021-11-25T17:31:42","date_gmt":"2021-11-25T17:31:42","guid":{"rendered":"http:\/\/lavereda.com.mx\/?p=2795"},"modified":"2021-11-26T17:48:48","modified_gmt":"2021-11-26T17:48:48","slug":"25-de-noviembre-hasta-cuando","status":"publish","type":"post","link":"https:\/\/lavereda.com.mx\/index.php\/2021\/11\/25\/25-de-noviembre-hasta-cuando\/","title":{"rendered":"25 de noviembre \u00bfHasta cu\u00e1ndo?"},"content":{"rendered":"\n<p>A principios del 2000 particip\u00e9 en una coreograf\u00eda para escenificar algunos episodios de las muertas de Ju\u00e1rez, asesinatos a mujeres que datan de la d\u00e9cada de los noventa y que desde entonces despertaron la indignaci\u00f3n de una sociedad que, no obstante, se fue acostumbrando a que la violencia hacia a la mujer fuera noticia de cada d\u00eda.<\/p>\n\n\n\n<p>En el acto esc\u00e9nico, las bailarinas terminaban tiradas en el asfalto, sin sus pertenencias, sus cuerpos vejados y olvidados\u2026<\/p>\n\n\n\n<p>En ese entonces no se hab\u00eda tipificado el feminicidio como delito grave, la constante era el asesinato de mujeres empleadas de maquiladoras en la ciudad fronteriza, muchas de ellas hu\u00edan de sus poblaciones a causa de la pobreza. Tambi\u00e9n a principios del 2000, me toc\u00f3 documentar el caso de dos mujeres asesinadas en Ju\u00e1rez, originarias del ejido Coyote en el municipio de Torre\u00f3n.\u00a0<\/p>\n\n\n\n<p>No sabemos cu\u00e1ntas de las muertas de Ju\u00e1rez fueron cercanas a nosotros, pero s\u00ed sabemos que llegaron ah\u00ed desde varias regiones del pa\u00eds. Que aparec\u00edan, muchas de ellas, en lotes bald\u00edos con signos de violencia en su cuerpo, perdidas en la insensatez que representan esas calles, poblados de una ciudad mal trazada que, como muchas en M\u00e9xico, favorece la inseguridad y la muerte.<\/p>\n\n\n\n<blockquote class=\"wp-block-quote is-layout-flow wp-block-quote-is-layout-flow\"><p>\u201cEste pa\u00eds no vale la pena si no es capaz de resolver los asesinatos en Ju\u00e1rez\u201d le\u00ed en un art\u00edculo, por las mismas fechas. Pero no solo el pa\u00eds, el gobierno fue incapaz de proteger a sus mujeres, la violencia se acrecent\u00f3 al grado de que en 2020 el INEGI report\u00f3 que diez mujeres fueron asesinadas cada d\u00eda.<\/p><\/blockquote>\n\n\n\n<p>Este 25 de noviembre D\u00eda Internacional de la eliminaci\u00f3n de la violencia contra la mujer, es preciso recordar que, aunque contamos con m\u00e1s organismos tanto del gobierno como de la sociedad civil trabajando en favor de las mujeres, con atenci\u00f3n psicol\u00f3gica incluso telef\u00f3nica las 24 horas, la violencia persiste. Es m\u00e1s, se ha agudizado. Nuestra regi\u00f3n ha permanecido a un paso de que la alerta de g\u00e9nero sea declarada formalmente.<\/p>\n\n\n\n<p>Pero la violencia que ha crecido no es solo la f\u00edsica, sino la psicol\u00f3gica, econ\u00f3mica y pol\u00edtica tambi\u00e9n.<\/p>\n\n\n\n<p>Recordemos todas esas veces a las que a una mujer se le ha dicho:<\/p>\n\n\n\n<p>\u201cT\u00fa te lo buscaste\u201d, \u201cNo provoques a los hombres\u201d, \u201cA los primeros que debes servir la mesa es a tu padre y a tu hermano\u201d, \u201cPlancha la ropa de tus hermanos\u201d, \u201cgu\u00e1rdate tu coraje y no lo expreses\u201d \u2026<\/p>\n\n\n\n<p>Y tantas frases m\u00e1s.<\/p>\n\n\n\n<p>Adem\u00e1s \u00bfsabemos cu\u00e1ntas ni\u00f1as est\u00e1n en peligro de vivir o haber vivido acoso sexual en su escuela o en su propia familia?<\/p>\n\n\n\n<p>\u00bfDesde cu\u00e1ndo y hasta cu\u00e1ndo lo seguiremos permitiendo?<\/p>\n","protected":false},"excerpt":{"rendered":"<p>A principios del 2000 particip\u00e9 en una coreograf\u00eda para escenificar algunos episodios de las muertas de Ju\u00e1rez, asesinatos a mujeres que datan de la d\u00e9cada de los noventa y que &hellip; <a href=\"https:\/\/lavereda.com.mx\/index.php\/2021\/11\/25\/25-de-noviembre-hasta-cuando\/\" class=\"more-link\">Leer m\u00e1s<\/a><\/p>\n","protected":false},"author":9,"featured_media":2796,"comment_status":"open","ping_status":"open","sticky":false,"template":"","format":"standard","meta":{"footnotes":""},"categories":[12,9],"tags":[],"class_list":["post-2795","post","type-post","status-publish","format-standard","has-post-thumbnail","hentry","category-equidad","category-opinion","entry"],"_links":{"self":[{"href":"https:\/\/lavereda.com.mx\/index.php\/wp-json\/wp\/v2\/posts\/2795","targetHints":{"allow":["GET"]}}],"collection":[{"href":"https:\/\/lavereda.com.mx\/index.php\/wp-json\/wp\/v2\/posts"}],"about":[{"href":"https:\/\/lavereda.com.mx\/index.php\/wp-json\/wp\/v2\/types\/post"}],"author":[{"embeddable":true,"href":"https:\/\/lavereda.com.mx\/index.php\/wp-json\/wp\/v2\/users\/9"}],"replies":[{"embeddable":true,"href":"https:\/\/lavereda.com.mx\/index.php\/wp-json\/wp\/v2\/comments?post=2795"}],"version-history":[{"count":2,"href":"https:\/\/lavereda.com.mx\/index.php\/wp-json\/wp\/v2\/posts\/2795\/revisions"}],"predecessor-version":[{"id":2809,"href":"https:\/\/lavereda.com.mx\/index.php\/wp-json\/wp\/v2\/posts\/2795\/revisions\/2809"}],"wp:featuredmedia":[{"embeddable":true,"href":"https:\/\/lavereda.com.mx\/index.php\/wp-json\/wp\/v2\/media\/2796"}],"wp:attachment":[{"href":"https:\/\/lavereda.com.mx\/index.php\/wp-json\/wp\/v2\/media?parent=2795"}],"wp:term":[{"taxonomy":"category","embeddable":true,"href":"https:\/\/lavereda.com.mx\/index.php\/wp-json\/wp\/v2\/categories?post=2795"},{"taxonomy":"post_tag","embeddable":true,"href":"https:\/\/lavereda.com.mx\/index.php\/wp-json\/wp\/v2\/tags?post=2795"}],"curies":[{"name":"wp","href":"https:\/\/api.w.org\/{rel}","templated":true}]}}