{"id":2790,"date":"2021-11-24T22:37:46","date_gmt":"2021-11-24T22:37:46","guid":{"rendered":"http:\/\/lavereda.com.mx\/?p=2790"},"modified":"2021-11-25T01:55:52","modified_gmt":"2021-11-25T01:55:52","slug":"se-presentara-el-cierre-de-actividades-de-los-talleres-de-difusion-cultural-uadec-unidad-torreon-en-plaza-cuatro-caminos","status":"publish","type":"post","link":"https:\/\/lavereda.com.mx\/index.php\/2021\/11\/24\/se-presentara-el-cierre-de-actividades-de-los-talleres-de-difusion-cultural-uadec-unidad-torreon-en-plaza-cuatro-caminos\/","title":{"rendered":"Difusi\u00f3n Cultural de la UA de C cierra ciclo de talleres art\u00edsticos"},"content":{"rendered":"\n<p>El atrio principal de la Plaza Cuatro Caminos ser\u00e1 el lugar en donde se presentar\u00e1n los diferentes talleres art\u00edsticos del Departamento de Difusi\u00f3n Cultural (DDC) de la UAdeC Unidad Torre\u00f3n, este jueves 25 de noviembre a las 17:00 horas.<\/p>\n\n\n\n<p>Como cada semestre, el DDC preparar\u00e1 una muestra para el p\u00fablico lagunero, en la que se dar\u00e1n a conocer el talento y los conocimientos adquiridos por los alumnos en cada una de las disciplinas que esta imparte.<\/p>\n\n\n\n<p>Los talleres que intervendr\u00e1n y que se podr\u00e1n observar son: Danza folcl\u00f3rica, ballet cl\u00e1sico, danza moderna, literatura, m\u00fasica y solfeo-canto. Los talleres de pintura y dibujo art\u00edstico, mostraran una exposici\u00f3n conjunta de trabajos realizados por las y los alumnos que dirigen las maestras Itziar Fern\u00e1ndez y Eli Valdez. El \u00fanico taller que ser\u00e1 virtual ser\u00e1 el de teatro, y ser\u00e1 conducido por More Barret.&nbsp;<\/p>\n\n\n\n<p>Se podr\u00e1 encontrar m\u00e1s informaci\u00f3n sobre los talleres en el Facebook de Difusi\u00f3n Cultural de la UAdeC o en el tel\u00e9fono 871-729-32-17, en el horario de 8:30 am a 8 pm, de lunes a viernes.<\/p>\n","protected":false},"excerpt":{"rendered":"<p>El atrio principal de la Plaza Cuatro Caminos ser\u00e1 el lugar en donde se presentar\u00e1n los diferentes talleres art\u00edsticos del Departamento de Difusi\u00f3n Cultural (DDC) de la UAdeC Unidad Torre\u00f3n, &hellip; <a href=\"https:\/\/lavereda.com.mx\/index.php\/2021\/11\/24\/se-presentara-el-cierre-de-actividades-de-los-talleres-de-difusion-cultural-uadec-unidad-torreon-en-plaza-cuatro-caminos\/\" class=\"more-link\">Leer m\u00e1s<\/a><\/p>\n","protected":false},"author":1,"featured_media":2791,"comment_status":"open","ping_status":"open","sticky":false,"template":"","format":"standard","meta":{"footnotes":""},"categories":[2],"tags":[],"class_list":["post-2790","post","type-post","status-publish","format-standard","has-post-thumbnail","hentry","category-artes-escenicas","entry"],"_links":{"self":[{"href":"https:\/\/lavereda.com.mx\/index.php\/wp-json\/wp\/v2\/posts\/2790","targetHints":{"allow":["GET"]}}],"collection":[{"href":"https:\/\/lavereda.com.mx\/index.php\/wp-json\/wp\/v2\/posts"}],"about":[{"href":"https:\/\/lavereda.com.mx\/index.php\/wp-json\/wp\/v2\/types\/post"}],"author":[{"embeddable":true,"href":"https:\/\/lavereda.com.mx\/index.php\/wp-json\/wp\/v2\/users\/1"}],"replies":[{"embeddable":true,"href":"https:\/\/lavereda.com.mx\/index.php\/wp-json\/wp\/v2\/comments?post=2790"}],"version-history":[{"count":2,"href":"https:\/\/lavereda.com.mx\/index.php\/wp-json\/wp\/v2\/posts\/2790\/revisions"}],"predecessor-version":[{"id":2794,"href":"https:\/\/lavereda.com.mx\/index.php\/wp-json\/wp\/v2\/posts\/2790\/revisions\/2794"}],"wp:featuredmedia":[{"embeddable":true,"href":"https:\/\/lavereda.com.mx\/index.php\/wp-json\/wp\/v2\/media\/2791"}],"wp:attachment":[{"href":"https:\/\/lavereda.com.mx\/index.php\/wp-json\/wp\/v2\/media?parent=2790"}],"wp:term":[{"taxonomy":"category","embeddable":true,"href":"https:\/\/lavereda.com.mx\/index.php\/wp-json\/wp\/v2\/categories?post=2790"},{"taxonomy":"post_tag","embeddable":true,"href":"https:\/\/lavereda.com.mx\/index.php\/wp-json\/wp\/v2\/tags?post=2790"}],"curies":[{"name":"wp","href":"https:\/\/api.w.org\/{rel}","templated":true}]}}