{"id":2780,"date":"2021-11-23T21:42:12","date_gmt":"2021-11-23T21:42:12","guid":{"rendered":"http:\/\/lavereda.com.mx\/?p=2780"},"modified":"2021-11-23T21:44:51","modified_gmt":"2021-11-23T21:44:51","slug":"regresan-a-escena-con-inventario-de-fantasmas","status":"publish","type":"post","link":"https:\/\/lavereda.com.mx\/index.php\/2021\/11\/23\/regresan-a-escena-con-inventario-de-fantasmas\/","title":{"rendered":"Regresan a escena con \u00abInventario de fantasmas\u00bb"},"content":{"rendered":"\n<ul class=\"wp-block-list\"><li><strong><em>Luego de cuatro a\u00f1os de su estreno, Inventario de Fantasmas regresa a los escenarios con un tema que sigue presente: la b\u00fasqueda de los que ya no est\u00e1n<\/em><\/strong><\/li><\/ul>\n\n\n\n<p>El grupo lagunero Colectivo Imaginante Teatro (CIT) retoma la puesta en escena del tamaulipeco Edoardo Torres, donde se aborda la tem\u00e1tica de la desaparici\u00f3n forzada en nuestro pa\u00eds a trav\u00e9s de la invitaci\u00f3n a reflexionar sobre la esperanza, esa chispa de luz que nos ayuda a buscar en la oscuridad de los d\u00edas.<\/p>\n\n\n\n<p>El reestreno se llev\u00f3 a cabo a las ocho de la noche del jueves 11 de noviembre en el Teatro Alberto M. Alvarado, dentro de la convocatoria&nbsp;\u201cDe vuelta al teatro\u201d en G\u00f3mez&nbsp;Palacio, Dgo.<\/p>\n\n\n\n<p>Despu\u00e9s ha dado inicio una peque\u00f1a temporada en la zona centro de Torre\u00f3n, en las instalaciones de Plan B Estudio Teatro, los d\u00edas 19, 20, 26, 27 y 28 del mismo mes, a las 8:00 p.m. Con un costo de preventa de 100 pesos y $150 el d\u00eda del evento.<\/p>\n\n\n\n<p>Inventario de Fantasmas es una producci\u00f3n de Daniela Flores, dirigida por Iv\u00e1n Torres y llevada a escena por Mace Medina, Estefan\u00eda Marrufo y Angie Pelayo. La historia se desarrolla a trav\u00e9s de diferentes momentos dentro de la relaci\u00f3n de una pareja y la amistad entre dos ni\u00f1os, donde todos esperan a alguien: una mascota, un amigo, un hijo o una pareja.<\/p>\n","protected":false},"excerpt":{"rendered":"<p>Luego de cuatro a\u00f1os de su estreno, Inventario de Fantasmas regresa a los escenarios con un tema que sigue presente: la b\u00fasqueda de los que ya no est\u00e1n El grupo &hellip; <a href=\"https:\/\/lavereda.com.mx\/index.php\/2021\/11\/23\/regresan-a-escena-con-inventario-de-fantasmas\/\" class=\"more-link\">Leer m\u00e1s<\/a><\/p>\n","protected":false},"author":1,"featured_media":2785,"comment_status":"open","ping_status":"open","sticky":false,"template":"","format":"standard","meta":{"footnotes":""},"categories":[2],"tags":[],"class_list":["post-2780","post","type-post","status-publish","format-standard","has-post-thumbnail","hentry","category-artes-escenicas","entry"],"_links":{"self":[{"href":"https:\/\/lavereda.com.mx\/index.php\/wp-json\/wp\/v2\/posts\/2780","targetHints":{"allow":["GET"]}}],"collection":[{"href":"https:\/\/lavereda.com.mx\/index.php\/wp-json\/wp\/v2\/posts"}],"about":[{"href":"https:\/\/lavereda.com.mx\/index.php\/wp-json\/wp\/v2\/types\/post"}],"author":[{"embeddable":true,"href":"https:\/\/lavereda.com.mx\/index.php\/wp-json\/wp\/v2\/users\/1"}],"replies":[{"embeddable":true,"href":"https:\/\/lavereda.com.mx\/index.php\/wp-json\/wp\/v2\/comments?post=2780"}],"version-history":[{"count":2,"href":"https:\/\/lavereda.com.mx\/index.php\/wp-json\/wp\/v2\/posts\/2780\/revisions"}],"predecessor-version":[{"id":2786,"href":"https:\/\/lavereda.com.mx\/index.php\/wp-json\/wp\/v2\/posts\/2780\/revisions\/2786"}],"wp:featuredmedia":[{"embeddable":true,"href":"https:\/\/lavereda.com.mx\/index.php\/wp-json\/wp\/v2\/media\/2785"}],"wp:attachment":[{"href":"https:\/\/lavereda.com.mx\/index.php\/wp-json\/wp\/v2\/media?parent=2780"}],"wp:term":[{"taxonomy":"category","embeddable":true,"href":"https:\/\/lavereda.com.mx\/index.php\/wp-json\/wp\/v2\/categories?post=2780"},{"taxonomy":"post_tag","embeddable":true,"href":"https:\/\/lavereda.com.mx\/index.php\/wp-json\/wp\/v2\/tags?post=2780"}],"curies":[{"name":"wp","href":"https:\/\/api.w.org\/{rel}","templated":true}]}}