{"id":2777,"date":"2021-11-23T21:42:42","date_gmt":"2021-11-23T21:42:42","guid":{"rendered":"http:\/\/lavereda.com.mx\/?p=2777"},"modified":"2021-11-24T18:22:44","modified_gmt":"2021-11-24T18:22:44","slug":"museo-aroceana-presenta-la-inauguracion-de-la-exposicion-pelegrin-clave-origen-y-sentido","status":"publish","type":"post","link":"https:\/\/lavereda.com.mx\/index.php\/2021\/11\/23\/museo-aroceana-presenta-la-inauguracion-de-la-exposicion-pelegrin-clave-origen-y-sentido\/","title":{"rendered":"Museo Aroceana inaugura la exposici\u00f3n Pelegr\u00edn, Clav\u00e9 Origen y sentido"},"content":{"rendered":"\n<p>Se trata de la primera exposici\u00f3n retrospectiva dedicada enteramente al an\u00e1lisis formal de la creaci\u00f3n art\u00edstica de Pelegr\u00edn Clav\u00e9 (Barcelona, 1811-1880), autor que encontr\u00f3 el camino ideal para trasmitir y difundir sus preceptos ideol\u00f3gicos, quien gener\u00f3 obras de arte provenientes de un sentimiento genuino; adem\u00e1s de unificar y dar identidad a una naci\u00f3n a partir de figuras ret\u00f3ricas o de la representaci\u00f3n pict\u00f3rica del territorio nacional y sus habitantes.<\/p>\n\n\n\n<p>La cita es este pr\u00f3ximo jueves 25 de noviembre, en punto de las 7:00 pm en el museo Arocena.<\/p>\n\n\n\n<p>\u00abEsta muestra es un acercamiento formal a la obra de este importante artista, que a partir de su formaci\u00f3n acad\u00e9mica e ideol\u00f3gica en Roma, fue la manera de entender c\u00f3mo se conform\u00f3 un programa acad\u00e9mico que fue capaz de darle identidad a la escuela de pintura mexicana de mediados del siglo XIX, al tiempo de consolidar una pl\u00e1stica que reflejaba el ideal pol\u00edtico de los simpatizantes del Partido Conservador Mexicano que peleaban en contra de las ideas liberales democr\u00e1ticas\u00bb, se explica en la presentaci\u00f3n de la obra.<\/p>\n\n\n\n<p>Con Origen y sentido, el Museo Arocena y el Museo Nacional de San Carlos de la Ciudad de M\u00e9xico, fortalecen y estrechan lazos de colaboraci\u00f3n a favor del rescate, estudio y difusi\u00f3n de artistas y procesos hist\u00f3ricos que fueron fundamentales en la conformaci\u00f3n del arte nacional.<\/p>\n\n\n\n<figure class=\"wp-block-image size-large\"><img fetchpriority=\"high\" decoding=\"async\" width=\"811\" height=\"1024\" src=\"https:\/\/lavereda.com.mx\/wp-content\/uploads\/2021\/11\/A75AF586-2FE3-410A-A6A5-B38E6F64EB58-811x1024.jpeg\" alt=\"\" class=\"wp-image-2779\" srcset=\"https:\/\/lavereda.com.mx\/wp-content\/uploads\/2021\/11\/A75AF586-2FE3-410A-A6A5-B38E6F64EB58-811x1024.jpeg 811w, https:\/\/lavereda.com.mx\/wp-content\/uploads\/2021\/11\/A75AF586-2FE3-410A-A6A5-B38E6F64EB58-238x300.jpeg 238w, https:\/\/lavereda.com.mx\/wp-content\/uploads\/2021\/11\/A75AF586-2FE3-410A-A6A5-B38E6F64EB58-768x969.jpeg 768w, https:\/\/lavereda.com.mx\/wp-content\/uploads\/2021\/11\/A75AF586-2FE3-410A-A6A5-B38E6F64EB58.jpeg 1000w\" sizes=\"(max-width: 811px) 100vw, 811px\" \/><figcaption>La demencia de Isabel de Portugal <\/figcaption><\/figure>\n\n\n\n<p>Como parte de la Conferencia inaugural, se har\u00e1 cargo Mariano Meza Marroqu\u00edn (curador del Museo Nacional de San Carlos \u2013 INBAL)<\/p>\n\n\n\n<p>La entrada a esta inauguraci\u00f3n ser\u00e1 libre, pero con aforo limitado y esto puede variar seg\u00fan el sem\u00e1foro epidemiol\u00f3gico vigente.<\/p>\n","protected":false},"excerpt":{"rendered":"<p>Se trata de la primera exposici\u00f3n retrospectiva dedicada enteramente al an\u00e1lisis formal de la creaci\u00f3n art\u00edstica de Pelegr\u00edn Clav\u00e9 (Barcelona, 1811-1880), autor que encontr\u00f3 el camino ideal para trasmitir y &hellip; <a href=\"https:\/\/lavereda.com.mx\/index.php\/2021\/11\/23\/museo-aroceana-presenta-la-inauguracion-de-la-exposicion-pelegrin-clave-origen-y-sentido\/\" class=\"more-link\">Leer m\u00e1s<\/a><\/p>\n","protected":false},"author":1,"featured_media":2778,"comment_status":"open","ping_status":"open","sticky":false,"template":"","format":"standard","meta":{"footnotes":""},"categories":[3],"tags":[],"class_list":["post-2777","post","type-post","status-publish","format-standard","has-post-thumbnail","hentry","category-artes-visuales","entry"],"_links":{"self":[{"href":"https:\/\/lavereda.com.mx\/index.php\/wp-json\/wp\/v2\/posts\/2777","targetHints":{"allow":["GET"]}}],"collection":[{"href":"https:\/\/lavereda.com.mx\/index.php\/wp-json\/wp\/v2\/posts"}],"about":[{"href":"https:\/\/lavereda.com.mx\/index.php\/wp-json\/wp\/v2\/types\/post"}],"author":[{"embeddable":true,"href":"https:\/\/lavereda.com.mx\/index.php\/wp-json\/wp\/v2\/users\/1"}],"replies":[{"embeddable":true,"href":"https:\/\/lavereda.com.mx\/index.php\/wp-json\/wp\/v2\/comments?post=2777"}],"version-history":[{"count":3,"href":"https:\/\/lavereda.com.mx\/index.php\/wp-json\/wp\/v2\/posts\/2777\/revisions"}],"predecessor-version":[{"id":2789,"href":"https:\/\/lavereda.com.mx\/index.php\/wp-json\/wp\/v2\/posts\/2777\/revisions\/2789"}],"wp:featuredmedia":[{"embeddable":true,"href":"https:\/\/lavereda.com.mx\/index.php\/wp-json\/wp\/v2\/media\/2778"}],"wp:attachment":[{"href":"https:\/\/lavereda.com.mx\/index.php\/wp-json\/wp\/v2\/media?parent=2777"}],"wp:term":[{"taxonomy":"category","embeddable":true,"href":"https:\/\/lavereda.com.mx\/index.php\/wp-json\/wp\/v2\/categories?post=2777"},{"taxonomy":"post_tag","embeddable":true,"href":"https:\/\/lavereda.com.mx\/index.php\/wp-json\/wp\/v2\/tags?post=2777"}],"curies":[{"name":"wp","href":"https:\/\/api.w.org\/{rel}","templated":true}]}}