{"id":2766,"date":"2021-11-22T17:17:49","date_gmt":"2021-11-22T17:17:49","guid":{"rendered":"http:\/\/lavereda.com.mx\/?p=2766"},"modified":"2021-11-22T17:17:51","modified_gmt":"2021-11-22T17:17:51","slug":"el-reto-es-que-los-chicos-tomen-un-libro-lo-adopten-y-lo-recomienden","status":"publish","type":"post","link":"https:\/\/lavereda.com.mx\/index.php\/2021\/11\/22\/el-reto-es-que-los-chicos-tomen-un-libro-lo-adopten-y-lo-recomienden\/","title":{"rendered":"\u201cEl reto es que los chicos tomen un libro, lo adopten y lo recomienden\u201d"},"content":{"rendered":"\n<p>Antonio Malplica, autor de novelas infantiles y juveniles, quien ha sido galardonado con diversos premios, tiene una mirada optimista hacia los j\u00f3venes y la lectura. Afirma que un libro no tiene porqu\u00e9 competir con Netflix o las consolas de video juegos, pero conf\u00eda que en la lectura tomar\u00e1 un lugar importante en sus vidas, porque a los chicos hay que habalarles de frente, de una forma divertida y sin tanta solemnidad.<\/p>\n\n\n\n<p>Este a\u00f1o el autor ha publicado \u201cFrankie. Una novela con monstruos y panqueques\u201d en el sello editorial de Oc\u00e9ano y la colecci\u00f3n Gran Traves\u00eda. Es una novela de largo aliento para p\u00fablico juvenil, aunque puede ser disfrutada por lectores de cualquier edad.&nbsp;&nbsp;Se trata de&nbsp;<em>retelling&nbsp;<\/em>de \u201cFrankestein\u201d de Mary Shelley.<\/p>\n\n\n\n<p>A unos d\u00edas de la presentaci\u00f3n de su novela en la Feria Internacional del libro de Guadalajara, el autor convers\u00f3 con La Vereda:<br><\/p>\n\n\n\n<p><strong>\u00bfPor qu\u00e9 elegiste a Frankenstein para este&nbsp;<em>retelling<\/em>?<\/strong><\/p>\n\n\n\n<p>\u00daltimamente me ha dado por hacer homenajes de libros o de autores que aprecio, que admiro, es una de esas obras que nos ha marcado a varios, es una ocurrencia, hecha desde el cari\u00f1o y el respeto de trabajar estrictamente la misma trama, pero con un distinto tono, humor\u00edstico. Literalmente quise hacer una especie de parodia, tratando de respetar por completo el argumento, porque el hilo conductor es que el personaje se percata de su propia condici\u00f3n de personaje, a ra\u00edz de una especie de revelaci\u00f3n de c\u00f3mo tiene que conducir su propia vida, trata de ajustarse a la trama de su propia novela, las cosas no salen como tienen que salir. Empieza a detonarse el humorismo.<\/p>\n\n\n\n<p><strong>\u00bfSe puede atraer a los j\u00f3venes a los cl\u00e1sicos de la literatura universal de esta forma?<\/strong><\/p>\n\n\n\n<p>Yo creo que Frankenstein se basta a si misma, es una de esas novelas que est\u00e1n s\u00faper aceptadas en el mundo de las letras, para nuestra buena fortuna se encuentra en todos lados, en todos los idiomas. Es un libro que ha envejecido bastante bien, ya tiene sus 200 a\u00f1os, como tal el cl\u00e1sico no necesita empuj\u00f3n, pero vale la pena sacar a los personajes a pasear, la trama es bastante conocida, es hacer un trabajo humor\u00edstico, es m\u00e1s como dar una visi\u00f3n especial, cambiar la perspectiva, justo que el lector se pase un buen rato, haciendo un balance, de la novela original.<\/p>\n\n\n\n<p><strong>\u00bfPara qu\u00e9 edad recomiendas esta lectura?<\/strong><\/p>\n\n\n\n<p>Para adolescentes hacia arriba, eso no obsta para que lo agarre un chavito, la edad hipot\u00e9tica es como de 14 a\u00f1os en adelante. Es m\u00e1s por la narrativa, ciertas ideas que a lo mejor es m\u00e1s f\u00e1cil asimilar con cierta edad. Es f\u00e1cilmente un libro para todo p\u00fablico, con ilustraciones muy amenas. Nada solemne, mas tir\u00e1ndole a encantar por los personajes que son un poco disparatados.<\/p>\n\n\n\n<figure class=\"wp-block-image size-large\"><img fetchpriority=\"high\" decoding=\"async\" width=\"645\" height=\"1024\" src=\"https:\/\/lavereda.com.mx\/wp-content\/uploads\/2021\/11\/Frankie-portada-645x1024.jpg\" alt=\"\" class=\"wp-image-2768\" srcset=\"https:\/\/lavereda.com.mx\/wp-content\/uploads\/2021\/11\/Frankie-portada-645x1024.jpg 645w, https:\/\/lavereda.com.mx\/wp-content\/uploads\/2021\/11\/Frankie-portada-189x300.jpg 189w, https:\/\/lavereda.com.mx\/wp-content\/uploads\/2021\/11\/Frankie-portada-768x1219.jpg 768w, https:\/\/lavereda.com.mx\/wp-content\/uploads\/2021\/11\/Frankie-portada-968x1536.jpg 968w, https:\/\/lavereda.com.mx\/wp-content\/uploads\/2021\/11\/Frankie-portada.jpg 1000w\" sizes=\"(max-width: 645px) 100vw, 645px\" \/><\/figure>\n\n\n\n<p><strong>\u00bfCu\u00e1l ser\u00eda el reto principal de escribir para p\u00fablico juvenil?<\/strong><\/p>\n\n\n\n<p>No hay una f\u00f3rmula, porque si no todos la estar\u00edamos aplicando. No hay una receta, el gran reto es que los chicos tomen el libro, lo adopten, lo recomienden. Uno le apuesta a que ocurra esto. Son los chavos los que hacen que la literatura les corresponda, ha ocurrido con Julio Verne. En mi caso trato de aproximarme al lector con novelas de este tipo, con narrativa \u00e1gil, divertida. Al final son los chavos los que deciden, cuando ocurre me siento muy honrado. Trato de escribir de la manera mas honesta posible. Que carezca de solemnidad, hablarles de frente. No todos los libros son clich\u00e9 de la juventud, romance, problemas de identidad.&nbsp;&nbsp;Es como Dr\u00e1cula, son libros al alcance de los chavos, es tomar prestada esa novela, hacer un divertimento en el que yo espero participe todo mundo.&nbsp;<\/p>\n\n\n\n<p><strong>\u00bfCu\u00e1l sido la respuesta en tus novelas anteriores para p\u00fablico juvenil?<\/strong><\/p>\n\n\n\n<p>Tengo libros que se han mantenido a lo largo de los a\u00f1os, eso me llena mucho el coraz\u00f3n, hay una preferencia lectora, entusiasmo, hay unos que se venden m\u00e1s otros menos. En general les va bien. Es un albur, yo trato de escribir muy del coraz\u00f3n, no soltar ning\u00fan texto que no sienta que puede cautivar.<\/p>\n\n\n\n<p><strong>\u00bfNo es dif\u00edcil competir con Netflix, las consolas, los celulares?<\/strong><\/p>\n\n\n\n<blockquote class=\"wp-block-quote is-layout-flow wp-block-quote-is-layout-flow\"><p>Hay que empezar a no ver este tipo de aficiones como obst\u00e1culos en la lectura, soy muy entusiasta de la posibilidad de que poco a poco estas formas de entretenimiento encuentren su lugar: ellos pueden jugar videojuegos, ver una serie, tomar un libro, leer dos tres cap\u00edtulos, luego irse a merendar. Encontrar un libro que sustraiga al muchacho de los videojuegos es dif\u00edcil, casi imposible. No es labor del libro, lo importante es que se den cuenta que nada suple a la lectura, como nada suple a una buena pel\u00edcula, o una buena partida\u2026 uno como escritor trata de atraparlos, no ponerte muy solemne. Tratar de ofrecerles historias, personajes, narrativas que los atrapen.<\/p><\/blockquote>\n\n\n\n<p><strong>Es una gran bienvenida a tu novela asistir a la FIL de Guadalajara \u00bfQu\u00e9 opinas de esta feria editorial?<\/strong><\/p>\n\n\n\n<p>Es tremendo que adem\u00e1s se pueda hacer de forma presencial nuevamente, el a\u00f1o pasado estuvo virtual, uno siente que cuando va a la FIL, es como tocar base, es como lo m\u00e1ximo que le puede pasar a un libro. Est\u00e1 muy bien que todos corramos para all\u00e1, que le demos importancia a esta fiesta de las letras, la verdad es que me pone muy feliz que se vaya a presentar\u2026pararse ah\u00ed es una suerte de triunfo. Agradezco a Oc\u00e9ano, a la FIL que se hayan aventado. Ojal\u00e1 que todo se lleve muy bien con los protocolos necesarios.<\/p>\n","protected":false},"excerpt":{"rendered":"<p>Antonio Malplica, autor de novelas infantiles y juveniles, quien ha sido galardonado con diversos premios, tiene una mirada optimista hacia los j\u00f3venes y la lectura. Afirma que un libro no &hellip; <a href=\"https:\/\/lavereda.com.mx\/index.php\/2021\/11\/22\/el-reto-es-que-los-chicos-tomen-un-libro-lo-adopten-y-lo-recomienden\/\" class=\"more-link\">Leer m\u00e1s<\/a><\/p>\n","protected":false},"author":9,"featured_media":2767,"comment_status":"open","ping_status":"open","sticky":false,"template":"","format":"standard","meta":{"footnotes":""},"categories":[5,18],"tags":[],"class_list":["post-2766","post","type-post","status-publish","format-standard","has-post-thumbnail","hentry","category-letras-y-libros","category-lomasrelevante","entry"],"_links":{"self":[{"href":"https:\/\/lavereda.com.mx\/index.php\/wp-json\/wp\/v2\/posts\/2766","targetHints":{"allow":["GET"]}}],"collection":[{"href":"https:\/\/lavereda.com.mx\/index.php\/wp-json\/wp\/v2\/posts"}],"about":[{"href":"https:\/\/lavereda.com.mx\/index.php\/wp-json\/wp\/v2\/types\/post"}],"author":[{"embeddable":true,"href":"https:\/\/lavereda.com.mx\/index.php\/wp-json\/wp\/v2\/users\/9"}],"replies":[{"embeddable":true,"href":"https:\/\/lavereda.com.mx\/index.php\/wp-json\/wp\/v2\/comments?post=2766"}],"version-history":[{"count":1,"href":"https:\/\/lavereda.com.mx\/index.php\/wp-json\/wp\/v2\/posts\/2766\/revisions"}],"predecessor-version":[{"id":2769,"href":"https:\/\/lavereda.com.mx\/index.php\/wp-json\/wp\/v2\/posts\/2766\/revisions\/2769"}],"wp:featuredmedia":[{"embeddable":true,"href":"https:\/\/lavereda.com.mx\/index.php\/wp-json\/wp\/v2\/media\/2767"}],"wp:attachment":[{"href":"https:\/\/lavereda.com.mx\/index.php\/wp-json\/wp\/v2\/media?parent=2766"}],"wp:term":[{"taxonomy":"category","embeddable":true,"href":"https:\/\/lavereda.com.mx\/index.php\/wp-json\/wp\/v2\/categories?post=2766"},{"taxonomy":"post_tag","embeddable":true,"href":"https:\/\/lavereda.com.mx\/index.php\/wp-json\/wp\/v2\/tags?post=2766"}],"curies":[{"name":"wp","href":"https:\/\/api.w.org\/{rel}","templated":true}]}}