{"id":2762,"date":"2021-11-22T02:44:29","date_gmt":"2021-11-22T02:44:29","guid":{"rendered":"http:\/\/lavereda.com.mx\/?p=2762"},"modified":"2021-11-22T02:44:30","modified_gmt":"2021-11-22T02:44:30","slug":"la-noche-es-una-serpiente-titulo-de-las-pasarelas-del-encuentro-original","status":"publish","type":"post","link":"https:\/\/lavereda.com.mx\/index.php\/2021\/11\/22\/la-noche-es-una-serpiente-titulo-de-las-pasarelas-del-encuentro-original\/","title":{"rendered":"\u201cLa noche es una serpiente\u201d, t\u00edtulo de las pasarelas del encuentro ORIGINAL"},"content":{"rendered":"\n<ul class=\"wp-block-list\"><li><strong>Es una obra multidisciplinaria para la muestra de textiles, joyer\u00eda y calzado de dise\u00f1adoras y dise\u00f1adores originarios del pa\u00eds<\/strong><\/li><\/ul>\n\n\n\n<p>La Casa Miguel Alem\u00e1n en el Complejo Cultural Los Pinos se llen\u00f3 de diversidad, tradici\u00f3n y cosmovisi\u00f3n de las culturas originarias nacionales, con seis pasarelas de la primera edici\u00f3n de ORIGINAL, Encuentro de Arte Textil Mexicano, el cual se llev\u00f3 a cabo del 18 al 21 de noviembre de 2020, reuniendo alrededor de 3 mil artesanos de 137 municipios de 32 entidades del pa\u00eds.<\/p>\n\n\n\n<p>Identificadas con el nombre \u201cLa noche es una serpiente\u201d, seis pasarelas mostraron un concepto gr\u00e1fico, musical y po\u00e9tico que tuvo como protagonistas el trabajo de creadores de arte originario de diversas comunidades de Veracruz, Guerrero, Oaxaca, San Luis Potos\u00ed y Chihuahua, entre otros estados.<\/p>\n\n\n\n<p>Escrita por el titular de la Direcci\u00f3n de Culturas Populares, Ind\u00edgenas y Urbanas, el poeta nahua Mardonio Carballo Manuel, \u201cLa noche es una serpiente\u201d se basa en la concepci\u00f3n ind\u00edgena del movimiento c\u00edclico, el tiempo y el cambio, utilizando como referencia el tr\u00e1nsito de la noche al d\u00eda.<\/p>\n\n\n\n<p>Se divide en seis cap\u00edtulos: \u201cLa boca de la noche\u201d, \u201cLa noche o el c\u00edrculo\u201d, \u201cMedianoche o La mitad del c\u00edrculo\u201d, \u201cEl sue\u00f1o\u201d, \u201cLa cola de la noche\u201d y \u201cEl cenit\u201d, cada uno es un poema en prosa que aborda la transmutaci\u00f3n de la noche en d\u00eda, conjura las leyendas que se cuentan en algunas comunidades ind\u00edgenas y apela a la energ\u00eda sexual y creadora.<\/p>\n\n\n\n<p>El montaje esc\u00e9nico corri\u00f3 a cargo del director general del Centro Cultural Hel\u00e9nico, Antonio Z\u00fa\u00f1iga Chaparro, quien aprovech\u00f3 recursos esc\u00e9nicos del teatro y el performance para dar vida a este proyecto multidisciplinario.<\/p>\n\n\n\n<p>\u201cEl foco es la prenda y en este sentido esta pasarela es muy contundente, porque la prenda aqu\u00ed es de una belleza inigualable. En la prenda misma, puede uno sentir el tiempo, la memoria, la tradici\u00f3n, el esp\u00edritu, el alma del inconsciente colectivo de todas esas regiones, de todas estas mentes de personas que est\u00e1n conectadas con la naturaleza y con el mundo. Conociendo la ra\u00edz, es posible identificarnos y apropiarnos de nuestra cultura\u201d, afirma.<\/p>\n\n\n\n<p>Cada cap\u00edtulo ha sido interpretado en vivo por la actriz M\u00f3nica del Carmen y musicalizado por el compositor e improvisador vocal, Juan Pablo Villa, quien, en entrevista, coment\u00f3 el proceso para musicalizar los desfiles: \u201cempec\u00e9 a imaginar la instrumentaci\u00f3n, el car\u00e1cter y el esp\u00edritu de cada una de las pasarelas basadas en el gran guion, perfectamente bien separado en seis momentos. Despu\u00e9s pens\u00e9 en la instrumentaci\u00f3n\u2026 Convoqu\u00e9 a 12 m\u00fasicos; trabajamos cada pieza distinta con la voz, los&nbsp;<em>loops<\/em>,&nbsp;<em>bits<\/em>&nbsp;y secuencias r\u00edtmicas, tambi\u00e9n, hay una clara l\u00ednea de bajos en todas las composiciones que acompa\u00f1an las pasarelas que cierran con un fandango\u201d.<\/p>\n\n\n\n<p>Adem\u00e1s, el dise\u00f1o visual de la pasarela \u201cLa noche es una serpiente\u201d corri\u00f3 a cargo del artista pl\u00e1stico Demi\u00e1n Flores (Juchit\u00e1n de Zaragoza, Oaxaca); se trata de una gran serpiente que baja por las escaleras de la casa Miguel Alem\u00e1n y cuyas fauces se abren al exterior de la residencia; ese camino siguen las y los modelos, entre quienes se encuentran personas de las disidencias sexuales y de g\u00e9nero como trans, no binarias, muxes y drags.<\/p>\n\n\n\n<p>Con duraci\u00f3n aproximada de 40 minutos, los desfiles han permitido mostrar a la audiencia dise\u00f1os provenientes de 30 estados del pa\u00eds, entre ellos se encuentran piezas de las y los creadores originarios Teresa Lino Bello (Hueyapan, Puebla, nahua), Victorina L\u00f3pez Hilario (Xochistlahuaca, Guerrero, amuzga); Carmen V\u00e1zquez Hern\u00e1ndez (Venustiano Carranza, Chiapas, tzotzil); Williberto Garc\u00eda (San Felipe del Progreso, Estado de M\u00e9xico); Olivia P\u00e9rez (Colima); Ignacio Nezahualcoyot (Contla, Tlaxcala, nahua); Cecilia Bautista Caballero (Ahuiiran, Michoac\u00e1n, pur\u00e9pecha), Samuel Garc\u00eda (Tenango de Doria, Hidalgo), entre muchos otros.<\/p>\n\n\n\n<figure class=\"wp-block-image size-large\"><img fetchpriority=\"high\" decoding=\"async\" width=\"600\" height=\"900\" src=\"https:\/\/lavereda.com.mx\/wp-content\/uploads\/2021\/11\/La-noche-es-una-serpiente-titulo-de-las-pasarelas-que-engalanaron-el-primer-encuentro-ORIGINAL-11.jpeg\" alt=\"\" class=\"wp-image-2763\" srcset=\"https:\/\/lavereda.com.mx\/wp-content\/uploads\/2021\/11\/La-noche-es-una-serpiente-titulo-de-las-pasarelas-que-engalanaron-el-primer-encuentro-ORIGINAL-11.jpeg 600w, https:\/\/lavereda.com.mx\/wp-content\/uploads\/2021\/11\/La-noche-es-una-serpiente-titulo-de-las-pasarelas-que-engalanaron-el-primer-encuentro-ORIGINAL-11-200x300.jpeg 200w\" sizes=\"(max-width: 600px) 100vw, 600px\" \/><\/figure>\n\n\n\n<p><\/p>\n","protected":false},"excerpt":{"rendered":"<p>Es una obra multidisciplinaria para la muestra de textiles, joyer\u00eda y calzado de dise\u00f1adoras y dise\u00f1adores originarios del pa\u00eds La Casa Miguel Alem\u00e1n en el Complejo Cultural Los Pinos se &hellip; <a href=\"https:\/\/lavereda.com.mx\/index.php\/2021\/11\/22\/la-noche-es-una-serpiente-titulo-de-las-pasarelas-del-encuentro-original\/\" class=\"more-link\">Leer m\u00e1s<\/a><\/p>\n","protected":false},"author":1,"featured_media":2764,"comment_status":"open","ping_status":"open","sticky":false,"template":"","format":"standard","meta":{"footnotes":""},"categories":[2,18],"tags":[],"class_list":["post-2762","post","type-post","status-publish","format-standard","has-post-thumbnail","hentry","category-artes-escenicas","category-lomasrelevante","entry"],"_links":{"self":[{"href":"https:\/\/lavereda.com.mx\/index.php\/wp-json\/wp\/v2\/posts\/2762","targetHints":{"allow":["GET"]}}],"collection":[{"href":"https:\/\/lavereda.com.mx\/index.php\/wp-json\/wp\/v2\/posts"}],"about":[{"href":"https:\/\/lavereda.com.mx\/index.php\/wp-json\/wp\/v2\/types\/post"}],"author":[{"embeddable":true,"href":"https:\/\/lavereda.com.mx\/index.php\/wp-json\/wp\/v2\/users\/1"}],"replies":[{"embeddable":true,"href":"https:\/\/lavereda.com.mx\/index.php\/wp-json\/wp\/v2\/comments?post=2762"}],"version-history":[{"count":1,"href":"https:\/\/lavereda.com.mx\/index.php\/wp-json\/wp\/v2\/posts\/2762\/revisions"}],"predecessor-version":[{"id":2765,"href":"https:\/\/lavereda.com.mx\/index.php\/wp-json\/wp\/v2\/posts\/2762\/revisions\/2765"}],"wp:featuredmedia":[{"embeddable":true,"href":"https:\/\/lavereda.com.mx\/index.php\/wp-json\/wp\/v2\/media\/2764"}],"wp:attachment":[{"href":"https:\/\/lavereda.com.mx\/index.php\/wp-json\/wp\/v2\/media?parent=2762"}],"wp:term":[{"taxonomy":"category","embeddable":true,"href":"https:\/\/lavereda.com.mx\/index.php\/wp-json\/wp\/v2\/categories?post=2762"},{"taxonomy":"post_tag","embeddable":true,"href":"https:\/\/lavereda.com.mx\/index.php\/wp-json\/wp\/v2\/tags?post=2762"}],"curies":[{"name":"wp","href":"https:\/\/api.w.org\/{rel}","templated":true}]}}