{"id":2731,"date":"2021-11-14T08:10:37","date_gmt":"2021-11-14T08:10:37","guid":{"rendered":"http:\/\/lavereda.com.mx\/?p=2731"},"modified":"2021-11-14T23:37:08","modified_gmt":"2021-11-14T23:37:08","slug":"velada-espectacular-con-alejandro-fernandez-en-el-coliseo-centenario","status":"publish","type":"post","link":"https:\/\/lavereda.com.mx\/index.php\/2021\/11\/14\/velada-espectacular-con-alejandro-fernandez-en-el-coliseo-centenario\/","title":{"rendered":"Velada espectacular con Alejandro Fern\u00e1ndez en el Coliseo Centenario"},"content":{"rendered":"\n<p>El Coliseo Centenario present\u00f3 al \u00abPotrillo\u00bb Alejandro Fern\u00e1ndez  con una noche inolvidable, en donde los laguneros cantaron todas las letras que interpret\u00f3 el artista.<\/p>\n\n\n\n<p>La entrada al lugar el pasado viernes, comenz\u00f3 desde las 19:30 horas, donde se tuvo una gran cantidad de asistencia, con todas las medidas sanitarias. Se calcul\u00f3 la entrada de alrededor de 6 mil personas.<\/p>\n\n\n\n<p>A las 22 horas comenzaron los m\u00fasicos con una melod\u00eda, para anunciar que Alejandro Fern\u00e1ndez estaba en Torre\u00f3n, al comp\u00e1s de una trompeta en un escenario de 360 grados y un par de bailarinas, quienes le dieron la entrada al cantante, para empezar con varios de sus \u00e9xitos. Cabe destacar que la incre\u00edble producci\u00f3n con la que se contaba, y los excelentes m\u00fasicos, complementaron lo que ha sido uno de lo mejores conciertos de este a\u00f1o en el Coliseo.<\/p>\n\n\n\n<p> Con canciones como \u00abEstuve\u00bb , \u00abHoy tengo ganas de ti\u00bb,  \u00abTantita pena\u00bb  y \u00abEstos celos\u00bb que se escuchaba en una especie de coro por parte de los fans, dio paso tambi\u00e9n a \u00abUnas nalgadas\u00bb, en donde algunos se comenzaron a mover, pero sin duda la parte ac\u00fastica no pudo faltar como parte de su repertorio rom\u00e1ntico.<\/p>\n\n\n\n<p> El cantante quien portaba su traje de charro, agradeci\u00f3 el apoyo y al amor de los laguneros, y al final de cada canci\u00f3n terminaba con una reverencia, respondiendo al cari\u00f1o y los aplausos de su p\u00fablico.<\/p>\n\n\n\n<p>Sin duda Alejandro Fern\u00e1ndez cuenta con una incre\u00edble voz, un talento impresionante, que tras varios a\u00f1os de trabajo le han ense\u00f1ado c\u00f3mo sobresalir en el escenario, para deleitar a sus fans entre cada concierto. <\/p>\n\n\n\n<div class=\"wp-block-image\"><figure class=\"aligncenter size-large is-resized\"><img fetchpriority=\"high\" decoding=\"async\" src=\"https:\/\/lavereda.com.mx\/wp-content\/uploads\/2021\/11\/ALE-2-e1636824909583.png\" alt=\"\" class=\"wp-image-2735\" width=\"522\" height=\"346\" srcset=\"https:\/\/lavereda.com.mx\/wp-content\/uploads\/2021\/11\/ALE-2-e1636824909583.png 867w, https:\/\/lavereda.com.mx\/wp-content\/uploads\/2021\/11\/ALE-2-e1636824909583-300x199.png 300w, https:\/\/lavereda.com.mx\/wp-content\/uploads\/2021\/11\/ALE-2-e1636824909583-768x509.png 768w\" sizes=\"(max-width: 522px) 100vw, 522px\" \/><figcaption>Alejandro Fern\u00e1ndez<\/figcaption><\/figure><\/div>\n\n\n\n<p>Adem\u00e1s, como parte del repertorio complementario, cant\u00f3 la canci\u00f3n que grab\u00f3 junto a Nodal \u00abM\u00e1s no puedo\u00bb y algunas otras canciones m\u00e1s que forman parte de las colaboraciones en las que ha participado.<\/p>\n\n\n\n<p>Esperamos volver a ver al \u00abPotrillo\u00bb nuevamente en Torre\u00f3n, y verlo deleitando a los Laguneros como lo hizo; porque sin duda en la Comarca Lagunera cuenta con el apoyo, cari\u00f1o y aprecio por parte de los fans que hicieron de esta noche una velada, que sin duda nadie se debi\u00f3 perder.<\/p>\n","protected":false},"excerpt":{"rendered":"<p>El Coliseo Centenario present\u00f3 al \u00abPotrillo\u00bb Alejandro Fern\u00e1ndez con una noche inolvidable, en donde los laguneros cantaron todas las letras que interpret\u00f3 el artista. La entrada al lugar el pasado &hellip; <a href=\"https:\/\/lavereda.com.mx\/index.php\/2021\/11\/14\/velada-espectacular-con-alejandro-fernandez-en-el-coliseo-centenario\/\" class=\"more-link\">Leer m\u00e1s<\/a><\/p>\n","protected":false},"author":14,"featured_media":2734,"comment_status":"open","ping_status":"open","sticky":false,"template":"","format":"standard","meta":{"footnotes":""},"categories":[18,4],"tags":[],"class_list":["post-2731","post","type-post","status-publish","format-standard","has-post-thumbnail","hentry","category-lomasrelevante","category-musica","entry"],"_links":{"self":[{"href":"https:\/\/lavereda.com.mx\/index.php\/wp-json\/wp\/v2\/posts\/2731","targetHints":{"allow":["GET"]}}],"collection":[{"href":"https:\/\/lavereda.com.mx\/index.php\/wp-json\/wp\/v2\/posts"}],"about":[{"href":"https:\/\/lavereda.com.mx\/index.php\/wp-json\/wp\/v2\/types\/post"}],"author":[{"embeddable":true,"href":"https:\/\/lavereda.com.mx\/index.php\/wp-json\/wp\/v2\/users\/14"}],"replies":[{"embeddable":true,"href":"https:\/\/lavereda.com.mx\/index.php\/wp-json\/wp\/v2\/comments?post=2731"}],"version-history":[{"count":5,"href":"https:\/\/lavereda.com.mx\/index.php\/wp-json\/wp\/v2\/posts\/2731\/revisions"}],"predecessor-version":[{"id":2739,"href":"https:\/\/lavereda.com.mx\/index.php\/wp-json\/wp\/v2\/posts\/2731\/revisions\/2739"}],"wp:featuredmedia":[{"embeddable":true,"href":"https:\/\/lavereda.com.mx\/index.php\/wp-json\/wp\/v2\/media\/2734"}],"wp:attachment":[{"href":"https:\/\/lavereda.com.mx\/index.php\/wp-json\/wp\/v2\/media?parent=2731"}],"wp:term":[{"taxonomy":"category","embeddable":true,"href":"https:\/\/lavereda.com.mx\/index.php\/wp-json\/wp\/v2\/categories?post=2731"},{"taxonomy":"post_tag","embeddable":true,"href":"https:\/\/lavereda.com.mx\/index.php\/wp-json\/wp\/v2\/tags?post=2731"}],"curies":[{"name":"wp","href":"https:\/\/api.w.org\/{rel}","templated":true}]}}