{"id":273,"date":"2020-08-16T13:00:00","date_gmt":"2020-08-16T13:00:00","guid":{"rendered":"https:\/\/web.lavereda.com.mx\/?p=273"},"modified":"2020-08-16T18:37:57","modified_gmt":"2020-08-16T18:37:57","slug":"coahuila-tiene-nuevo-consejo-de-cultura","status":"publish","type":"post","link":"https:\/\/lavereda.com.mx\/index.php\/2020\/08\/16\/coahuila-tiene-nuevo-consejo-de-cultura\/","title":{"rendered":"Coahuila tiene nuevo Consejo de Cultura"},"content":{"rendered":"\n<p>El Secretario de Gobierno, Jos\u00e9 Mar\u00eda Fraustro Siller y la Secretaria de Cultura, Ana Sof\u00eda Garc\u00eda Camil, realizaron la instalaci\u00f3n del Consejo Cultural en su periodo 2019-2021.<\/p>\n\n\n\n<p>Fraustro Siller tom\u00f3 protesta a los integrantes del mismo, a quienes conmin\u00f3 a realizar un gran trabajo en beneficio de los coahuilenses, al tiempo que los felicit\u00f3 por tan importante encargo.<\/p>\n\n\n\n<hr class=\"wp-block-separator\" id=\"system-readmore\"\/>\n\n\n\n<p>\u201cEste Consejo de Cultura es importante para enriquecer su \u00e1rea espec\u00edfica, pero adem\u00e1s ser\u00e1 un modelo para impulsar pol\u00edticas p\u00fablicas en otros \u00e1mbitos de la sociedad coahuilense\u201d, dijo.<\/p>\n\n\n\n<p>\u201cSeguramente habr\u00e1n de surgir una serie de propuestas que no s\u00f3lo requerir\u00e1n de la participaci\u00f3n y gesti\u00f3n de las autoridades de la Secretar\u00eda de Cultura, sino de la gesti\u00f3n de otras autoridades del Estado, pero ser\u00e1 finalmente la participaci\u00f3n de este \u00f3rgano colectivo desde donde sus propuestas habr\u00e1n de enriquecer nuestras manifestaciones culturales\u201d.<\/p>\n\n\n\n<p>Mientras que la titular de Cultura en la entidad, Garc\u00eda Camil, expres\u00f3 que este Consejo es de gran importancia para el presente Gobierno, ya que quienes lo conforman son gente muy talentosa del \u00e1mbito cultural.<\/p>\n\n\n\n<p>Inform\u00f3 las dos fechas para lo que ser\u00e1n las sesiones ordinarias del Consejo, quedando el 25 de septiembre y 27 de noviembre del a\u00f1o en curso.<\/p>\n\n\n\n<p>Asimismo, se llev\u00f3 a cabo la elecci\u00f3n de los consejeros representantes de las organizaciones no gubernamentales, siendo los elegidos: Pupila A.C., Promotora Cultural, con Fabi\u00e1n Garc\u00eda Guti\u00e9rrez como titular, y Silvia Elena Garc\u00eda G, como suplente.<\/p>\n\n\n\n<p>En cuanto a la Comunidad Acad\u00e9mica, quedaron los docentes Otilio Pe\u00f1a Gurrola como titular, y Alejandro Eloy Cerecero Alvarado como suplente, ambos propuestos por la Escuela de Artes Pl\u00e1sticas de la Universidad Aut\u00f3noma de Coahuila.<\/p>\n\n\n\n<p>El Consejo de Cultura est\u00e1 integrado adem\u00e1s por la Directora General de Vinculaci\u00f3n Cultural, Esther Hern\u00e1ndez Torres, y representantes de cada una de las cinco regiones en el estado: Jorge Tirzo Lechuga (Sureste), B\u00e1rbara Jard\u00f3n (Laguna), Elizabeth Valdez (Centro-Desierto), Melecio Mendoza (Carbon\u00edfera) y Blanca Saucedo Robles (Norte-Cinco Manantiales).<\/p>\n\n\n\n<p>Alexis Flores y Joel L\u00f3pez (teatro), Gloria Villarreal y Adriana Sald\u00edvar (danza), Michael Meatr\u00f3n y Mart\u00edn Madrigal (m\u00fasica), Armando Meza y Jorge Garza (artes pl\u00e1sticas visuales, Nadia Contreras y Julio F\u00e9lix (literatura), Jos\u00e9 Elizalde (cine), Laura V\u00e1zquez (cultura popular y patrimonio cultural), Jos\u00e9 Palacios (promoci\u00f3n, historia y periodismo cultural) y Esteban Garza (Iniciativa Privada).<\/p>\n","protected":false},"excerpt":{"rendered":"<p>El Secretario de Gobierno, Jos\u00e9 Mar\u00eda Fraustro Siller y la Secretaria de Cultura, Ana Sof\u00eda Garc\u00eda Camil, realizaron la instalaci\u00f3n del Consejo Cultural en su periodo 2019-2021.<\/p>\n","protected":false},"author":1,"featured_media":274,"comment_status":"open","ping_status":"open","sticky":false,"template":"","format":"standard","meta":{"footnotes":""},"categories":[8],"tags":[],"class_list":["post-273","post","type-post","status-publish","format-standard","has-post-thumbnail","hentry","category-sociedad","entry"],"_links":{"self":[{"href":"https:\/\/lavereda.com.mx\/index.php\/wp-json\/wp\/v2\/posts\/273","targetHints":{"allow":["GET"]}}],"collection":[{"href":"https:\/\/lavereda.com.mx\/index.php\/wp-json\/wp\/v2\/posts"}],"about":[{"href":"https:\/\/lavereda.com.mx\/index.php\/wp-json\/wp\/v2\/types\/post"}],"author":[{"embeddable":true,"href":"https:\/\/lavereda.com.mx\/index.php\/wp-json\/wp\/v2\/users\/1"}],"replies":[{"embeddable":true,"href":"https:\/\/lavereda.com.mx\/index.php\/wp-json\/wp\/v2\/comments?post=273"}],"version-history":[{"count":1,"href":"https:\/\/lavereda.com.mx\/index.php\/wp-json\/wp\/v2\/posts\/273\/revisions"}],"predecessor-version":[{"id":275,"href":"https:\/\/lavereda.com.mx\/index.php\/wp-json\/wp\/v2\/posts\/273\/revisions\/275"}],"wp:featuredmedia":[{"embeddable":true,"href":"https:\/\/lavereda.com.mx\/index.php\/wp-json\/wp\/v2\/media\/274"}],"wp:attachment":[{"href":"https:\/\/lavereda.com.mx\/index.php\/wp-json\/wp\/v2\/media?parent=273"}],"wp:term":[{"taxonomy":"category","embeddable":true,"href":"https:\/\/lavereda.com.mx\/index.php\/wp-json\/wp\/v2\/categories?post=273"},{"taxonomy":"post_tag","embeddable":true,"href":"https:\/\/lavereda.com.mx\/index.php\/wp-json\/wp\/v2\/tags?post=273"}],"curies":[{"name":"wp","href":"https:\/\/api.w.org\/{rel}","templated":true}]}}