{"id":2713,"date":"2021-11-10T15:56:18","date_gmt":"2021-11-10T15:56:18","guid":{"rendered":"http:\/\/lavereda.com.mx\/?p=2713"},"modified":"2021-11-10T18:08:34","modified_gmt":"2021-11-10T18:08:34","slug":"ayuda-a-medir-el-impacto-del-covid-19-en-la-economia-cultural-y-creativa-de-mexico-participando-en-el-sondeo-2021","status":"publish","type":"post","link":"https:\/\/lavereda.com.mx\/index.php\/2021\/11\/10\/ayuda-a-medir-el-impacto-del-covid-19-en-la-economia-cultural-y-creativa-de-mexico-participando-en-el-sondeo-2021\/","title":{"rendered":"Sondeo ayudar\u00e1 a medir el impacto del COVID-19 en la econom\u00eda cultural y creativa de M\u00e9xico"},"content":{"rendered":"\n<p>La Secretar\u00eda de Cultura del Gobierno de M\u00e9xico, a trav\u00e9s de la iniciativa M\u00e9xico Creativo, invita a la comunidad cultural mexicana a participar en el Sondeo nacional para medir la percepci\u00f3n del impacto del COVID-19 en los sectores de la econom\u00eda cultural y creativa en M\u00e9xico.<\/p>\n\n\n\n<p>Quienes deseen participar, podr\u00e1n hacerlo a t\u00edtulo personal o como integrantes de una instituci\u00f3n, organizaci\u00f3n, colectivo o empresa que desarrolle alguna actividad en cualquier disciplina o sector de la econom\u00eda cultural y creativa en M\u00e9xico.&nbsp;<\/p>\n\n\n\n<p>La participaci\u00f3n es an\u00f3nima, la informaci\u00f3n que se recabe permitir\u00e1 generar un diagn\u00f3stico y realizar un comparativo con los resultados del Sondeo nacional 2020 (cuyos datos est\u00e1n disponibles en <a href=\"https:\/\/mexicocreativo.cultura.gob.mx\/inicio\/observatorio\/sondeo-020\/\">https:\/\/mexicocreativo.cultura.gob.mx\/inicio\/observatorio\/sondeo-020\/<\/a>), as\u00ed como continuar con la construcci\u00f3n de instrumentos de medici\u00f3n com\u00fan que contribuyan a generar informaci\u00f3n para la toma de decisiones y&nbsp; el dise\u00f1o de pol\u00edticas p\u00fablicas en materia de cultura.&nbsp;<\/p>\n\n\n\n<p>A su vez, el director general de Promoci\u00f3n y Festivales Culturales y l\u00edder de la iniciativa M\u00e9xico Creativo, Pablo Raphael de la Madrid, afirm\u00f3 que:<\/p>\n\n\n\n<blockquote class=\"wp-block-quote is-layout-flow wp-block-quote-is-layout-flow\"><p> \u201cEl sondeo no solamente es la ejecuci\u00f3n del cuestionario, despu\u00e9s viene la reuni\u00f3n de un grupo de especialistas, creadores y artistas que nos permitir\u00e1 pensar de manera conjunta las alternativas frente a la realidad imperante.\u201d<\/p><\/blockquote>\n\n\n\n<p>El sondeo permitir\u00e1 definir la nueva etapa de las acciones de la iniciativa M\u00e9xico Creativo. Desarrollo Cultural Sostenible, cuya misi\u00f3n es trazar un modelo de pol\u00edtica p\u00fablica que fomente el entendimiento del sistema de la econom\u00eda cultural y creativa e impulse su desarrollo a trav\u00e9s de procesos formativos, para reactivar y fortalecer el ecosistema cultural y creativo y coadyuvar a mantener su diversidad y sostenibilidad.&nbsp;<\/p>\n\n\n\n<p>El cuestionario estar\u00e1 abierto para recibir respuestas hasta el 10 de diciembre de 2021 en:<a href=\"https:\/\/mexicocreativo.cultu\"> <\/a><a href=\"https:\/\/mexicocreativo.cultura.gob.mx\">https:\/\/mexicocreativo.cultura.gob.mx<\/a>&nbsp;<\/p>\n","protected":false},"excerpt":{"rendered":"<p>La Secretar\u00eda de Cultura del Gobierno de M\u00e9xico, a trav\u00e9s de la iniciativa M\u00e9xico Creativo, invita a la comunidad cultural mexicana a participar en el Sondeo nacional para medir la &hellip; <a href=\"https:\/\/lavereda.com.mx\/index.php\/2021\/11\/10\/ayuda-a-medir-el-impacto-del-covid-19-en-la-economia-cultural-y-creativa-de-mexico-participando-en-el-sondeo-2021\/\" class=\"more-link\">Leer m\u00e1s<\/a><\/p>\n","protected":false},"author":1,"featured_media":2714,"comment_status":"open","ping_status":"open","sticky":false,"template":"","format":"standard","meta":{"footnotes":""},"categories":[18],"tags":[],"class_list":["post-2713","post","type-post","status-publish","format-standard","has-post-thumbnail","hentry","category-lomasrelevante","entry"],"_links":{"self":[{"href":"https:\/\/lavereda.com.mx\/index.php\/wp-json\/wp\/v2\/posts\/2713","targetHints":{"allow":["GET"]}}],"collection":[{"href":"https:\/\/lavereda.com.mx\/index.php\/wp-json\/wp\/v2\/posts"}],"about":[{"href":"https:\/\/lavereda.com.mx\/index.php\/wp-json\/wp\/v2\/types\/post"}],"author":[{"embeddable":true,"href":"https:\/\/lavereda.com.mx\/index.php\/wp-json\/wp\/v2\/users\/1"}],"replies":[{"embeddable":true,"href":"https:\/\/lavereda.com.mx\/index.php\/wp-json\/wp\/v2\/comments?post=2713"}],"version-history":[{"count":3,"href":"https:\/\/lavereda.com.mx\/index.php\/wp-json\/wp\/v2\/posts\/2713\/revisions"}],"predecessor-version":[{"id":2719,"href":"https:\/\/lavereda.com.mx\/index.php\/wp-json\/wp\/v2\/posts\/2713\/revisions\/2719"}],"wp:featuredmedia":[{"embeddable":true,"href":"https:\/\/lavereda.com.mx\/index.php\/wp-json\/wp\/v2\/media\/2714"}],"wp:attachment":[{"href":"https:\/\/lavereda.com.mx\/index.php\/wp-json\/wp\/v2\/media?parent=2713"}],"wp:term":[{"taxonomy":"category","embeddable":true,"href":"https:\/\/lavereda.com.mx\/index.php\/wp-json\/wp\/v2\/categories?post=2713"},{"taxonomy":"post_tag","embeddable":true,"href":"https:\/\/lavereda.com.mx\/index.php\/wp-json\/wp\/v2\/tags?post=2713"}],"curies":[{"name":"wp","href":"https:\/\/api.w.org\/{rel}","templated":true}]}}