{"id":2705,"date":"2021-11-09T22:50:02","date_gmt":"2021-11-09T22:50:02","guid":{"rendered":"http:\/\/lavereda.com.mx\/?p=2705"},"modified":"2021-11-09T22:50:49","modified_gmt":"2021-11-09T22:50:49","slug":"regresa-camerata-con-orquesta-completa-al-escenario","status":"publish","type":"post","link":"https:\/\/lavereda.com.mx\/index.php\/2021\/11\/09\/regresa-camerata-con-orquesta-completa-al-escenario\/","title":{"rendered":"Regresa Camerata con orquesta completa al escenario"},"content":{"rendered":"\n<p>Camerata de Coahuila prepara su quinto concierto de la temporada oto\u00f1o invierno 2021, en el que enmarcar\u00e1 un momento muy esperado por todo el p\u00fablico lagunero, el regreso de la orquesta completa a los conciertos, anteriormente solo se hab\u00edan presentado ensambles en distintos escenarios de la regi\u00f3n.<\/p>\n\n\n\n<p>Fue el 13 de marzo del 2020, en el que toda la orquesta se reuni\u00f3 en concierto por ultima vez en nuestra regi\u00f3n, luego de dar por cancelada la temporada por la contingencia sanitaria COVID-19, en el mes de septiembre del mismo a\u00f1o, prepar\u00f3 su retorno a los escenarios de manera virtual.<\/p>\n\n\n\n<p>El pasado 20 de octubre, la orquesta se reencontr\u00f3 por primera vez desde el 2020, para representar a Coahuila como estado invitado de honor, en la edici\u00f3n n\u00famero 49 del Festival Internacional Cervantino, en el teatro Ju\u00e1rez, de Guanajuato.<\/p>\n\n\n\n<p>El quinto concierto estar\u00e1 conformado por la Sinfon\u00eda Concertante en Si Bemol Mayor, para oboe, fagot, viol\u00edn y violoncello, Op.84 Hob I:105, compuesta en 1792 por Joseph Haydn. Se trata de una obra orquestal con cuatro instrumentos en el grupo de solistas. Consta de tres movimientos: Allegro, Andante y&nbsp;Allegro con spirito.Esta obra contar\u00e1 con la participaci\u00f3n como solistas de Ioseb Gamilagdishvili, en el oboe; Konstantin Melik-Vrtanesyan, en el&nbsp;Fagot; Romana Rudoman, en el viol\u00edn y Carlos Castillo en el violonchelo, todos ellos integrantes de nuestra orquesta.<\/p>\n\n\n\n<p>La Sinfon\u00eda n.o 100 en sol mayor, Hoboken I\/100, es la octava de la serie de doce sinfon\u00edas tituladas Sinfon\u00edas de Londres, que comprende de los n\u00fameros 93 hasta el 104 compuesta por Joseph Haydn. Se conoce popularmente como la \u00abSinfon\u00eda Militar\u00bb. Ese subt\u00edtulo de \u00abMilitar\u00bb, deriva del segundo movimiento, que presenta remarcables fanfarrias para trompetas en do y efectos de percusi\u00f3n.<\/p>\n\n\n\n<p>La cita es este pr\u00f3ximo viernes 12 de noviembre en punto de las 20:30 horas, en el Teatro Isauro Mart\u00ednez.<\/p>\n\n\n\n<p>La temporada continuar\u00e1 de manera gratuita, el acceso al p\u00fablico ser\u00e1 a partir de los 12 a\u00f1os, con un cupo limitado del 75% de la capacidad total del teatro.<\/p>\n\n\n\n<p>La entrega de boletos se realizar\u00e1 en las taquillas del teatro, el mi\u00e9rcoles 10 de noviembre, en punto de las 10:00 horas, estar\u00e1n disponibles 350 boletos, los cuales se proporcionar\u00e1n hasta agotar existencia.<\/p>\n","protected":false},"excerpt":{"rendered":"<p>Camerata de Coahuila prepara su quinto concierto de la temporada oto\u00f1o invierno 2021, en el que enmarcar\u00e1 un momento muy esperado por todo el p\u00fablico lagunero, el regreso de la &hellip; <a href=\"https:\/\/lavereda.com.mx\/index.php\/2021\/11\/09\/regresa-camerata-con-orquesta-completa-al-escenario\/\" class=\"more-link\">Leer m\u00e1s<\/a><\/p>\n","protected":false},"author":1,"featured_media":2707,"comment_status":"open","ping_status":"open","sticky":false,"template":"","format":"standard","meta":{"footnotes":""},"categories":[18,4],"tags":[],"class_list":["post-2705","post","type-post","status-publish","format-standard","has-post-thumbnail","hentry","category-lomasrelevante","category-musica","entry"],"_links":{"self":[{"href":"https:\/\/lavereda.com.mx\/index.php\/wp-json\/wp\/v2\/posts\/2705","targetHints":{"allow":["GET"]}}],"collection":[{"href":"https:\/\/lavereda.com.mx\/index.php\/wp-json\/wp\/v2\/posts"}],"about":[{"href":"https:\/\/lavereda.com.mx\/index.php\/wp-json\/wp\/v2\/types\/post"}],"author":[{"embeddable":true,"href":"https:\/\/lavereda.com.mx\/index.php\/wp-json\/wp\/v2\/users\/1"}],"replies":[{"embeddable":true,"href":"https:\/\/lavereda.com.mx\/index.php\/wp-json\/wp\/v2\/comments?post=2705"}],"version-history":[{"count":2,"href":"https:\/\/lavereda.com.mx\/index.php\/wp-json\/wp\/v2\/posts\/2705\/revisions"}],"predecessor-version":[{"id":2709,"href":"https:\/\/lavereda.com.mx\/index.php\/wp-json\/wp\/v2\/posts\/2705\/revisions\/2709"}],"wp:featuredmedia":[{"embeddable":true,"href":"https:\/\/lavereda.com.mx\/index.php\/wp-json\/wp\/v2\/media\/2707"}],"wp:attachment":[{"href":"https:\/\/lavereda.com.mx\/index.php\/wp-json\/wp\/v2\/media?parent=2705"}],"wp:term":[{"taxonomy":"category","embeddable":true,"href":"https:\/\/lavereda.com.mx\/index.php\/wp-json\/wp\/v2\/categories?post=2705"},{"taxonomy":"post_tag","embeddable":true,"href":"https:\/\/lavereda.com.mx\/index.php\/wp-json\/wp\/v2\/tags?post=2705"}],"curies":[{"name":"wp","href":"https:\/\/api.w.org\/{rel}","templated":true}]}}