{"id":2703,"date":"2021-11-09T22:45:05","date_gmt":"2021-11-09T22:45:05","guid":{"rendered":"http:\/\/lavereda.com.mx\/?p=2703"},"modified":"2021-11-09T22:53:42","modified_gmt":"2021-11-09T22:53:42","slug":"banda-municipal-de-torreon-presenta-concierto-llena-tu-cabeza-de-rock-vol-ii","status":"publish","type":"post","link":"https:\/\/lavereda.com.mx\/index.php\/2021\/11\/09\/banda-municipal-de-torreon-presenta-concierto-llena-tu-cabeza-de-rock-vol-ii\/","title":{"rendered":"Banda Municipal de Torre\u00f3n presenta concierto \u201cLlena tu cabeza de Rock\u00bb"},"content":{"rendered":"\n<p>Noviembre es un mes de gran actividad musical. La Direcci\u00f3n General de Cultura de Torre\u00f3n invita al p\u00fablico lagunero a asistir al concierto de la Banda Municipal de Torre\u00f3n \u201cLlena tu cabeza de rock Vol.II\u201d, que se llevar\u00e1 a cabo este mi\u00e9rcoles 10 de noviembre del 2021, la cita es en punto de las 20:00 hrs. en el Teatro Nazas.<\/p>\n\n\n\n<p>El acceso al concierto ser\u00e1 libre y no ser\u00e1 necesario contar con boleto, sin embargo se pide a los asistentes llegar con anticipaci\u00f3n, ya que el aforo permitido del teatro ser\u00e1 de un 70% del total, esto para evitar aglomeraciones, se invita asimismo el uso de cubre bocas, el cual ser\u00e1 obligatorio en todo momento dentro del teatro, esto con el fin de seguir manteniendo las normas sanitarias.<\/p>\n\n\n\n<p>En este concierto, la Banda Municipal, bajo la direcci\u00f3n del maestro Juan Barrios ha preparado un programa que incluir\u00e1 diversos temas de rock cl\u00e1sico de las d\u00e9cadas de los 70\u2019s, 80\u2019s y 90\u2019s, que incluye piezas de bandas como Led Zepellin, Bon Jovi, Toto, Queen, Metallica Carlos Santana, entre otros.<\/p>\n\n\n\n<p>Adem\u00e1s, es un programa que invita al espectador a sumergirse en la nostalgia de la m\u00fasica que marc\u00f3 a diversas generaciones y que sigue vigente hasta nuestros d\u00edas, influyendo en artistas contempor\u00e1neos y siendo referentes en la historia de la m\u00fasica.<br>Si eres fan de este g\u00e9nero y de la Banda Municipal de Torre\u00f3n tienes que ir y disfrutar de este tiempo musical.<\/p>\n","protected":false},"excerpt":{"rendered":"<p>Noviembre es un mes de gran actividad musical. La Direcci\u00f3n General de Cultura de Torre\u00f3n invita al p\u00fablico lagunero a asistir al concierto de la Banda Municipal de Torre\u00f3n \u201cLlena &hellip; <a href=\"https:\/\/lavereda.com.mx\/index.php\/2021\/11\/09\/banda-municipal-de-torreon-presenta-concierto-llena-tu-cabeza-de-rock-vol-ii\/\" class=\"more-link\">Leer m\u00e1s<\/a><\/p>\n","protected":false},"author":1,"featured_media":2704,"comment_status":"open","ping_status":"open","sticky":false,"template":"","format":"standard","meta":{"footnotes":""},"categories":[18,4],"tags":[],"class_list":["post-2703","post","type-post","status-publish","format-standard","has-post-thumbnail","hentry","category-lomasrelevante","category-musica","entry"],"_links":{"self":[{"href":"https:\/\/lavereda.com.mx\/index.php\/wp-json\/wp\/v2\/posts\/2703","targetHints":{"allow":["GET"]}}],"collection":[{"href":"https:\/\/lavereda.com.mx\/index.php\/wp-json\/wp\/v2\/posts"}],"about":[{"href":"https:\/\/lavereda.com.mx\/index.php\/wp-json\/wp\/v2\/types\/post"}],"author":[{"embeddable":true,"href":"https:\/\/lavereda.com.mx\/index.php\/wp-json\/wp\/v2\/users\/1"}],"replies":[{"embeddable":true,"href":"https:\/\/lavereda.com.mx\/index.php\/wp-json\/wp\/v2\/comments?post=2703"}],"version-history":[{"count":2,"href":"https:\/\/lavereda.com.mx\/index.php\/wp-json\/wp\/v2\/posts\/2703\/revisions"}],"predecessor-version":[{"id":2712,"href":"https:\/\/lavereda.com.mx\/index.php\/wp-json\/wp\/v2\/posts\/2703\/revisions\/2712"}],"wp:featuredmedia":[{"embeddable":true,"href":"https:\/\/lavereda.com.mx\/index.php\/wp-json\/wp\/v2\/media\/2704"}],"wp:attachment":[{"href":"https:\/\/lavereda.com.mx\/index.php\/wp-json\/wp\/v2\/media?parent=2703"}],"wp:term":[{"taxonomy":"category","embeddable":true,"href":"https:\/\/lavereda.com.mx\/index.php\/wp-json\/wp\/v2\/categories?post=2703"},{"taxonomy":"post_tag","embeddable":true,"href":"https:\/\/lavereda.com.mx\/index.php\/wp-json\/wp\/v2\/tags?post=2703"}],"curies":[{"name":"wp","href":"https:\/\/api.w.org\/{rel}","templated":true}]}}