{"id":2701,"date":"2021-11-10T18:09:12","date_gmt":"2021-11-10T18:09:12","guid":{"rendered":"http:\/\/lavereda.com.mx\/?p=2701"},"modified":"2021-11-11T17:33:03","modified_gmt":"2021-11-11T17:33:03","slug":"el-coliseo-centenario-recibe-a-alejandro-fernandez","status":"publish","type":"post","link":"https:\/\/lavereda.com.mx\/index.php\/2021\/11\/10\/el-coliseo-centenario-recibe-a-alejandro-fernandez\/","title":{"rendered":"El coliseo Centenario recibe a Alejandro Fern\u00e1ndez"},"content":{"rendered":"\n<p>El exponente de la m\u00fasica regional Mexicana Alejandro Fern\u00e1ndez, vuelve una vez m\u00e1s a Torre\u00f3n para deleitar a sus fans, desde el Coliseo Centenario, la cita es este viernes 12 de noviembre en punto de las 21 horas.<\/p>\n\n\n\n<p>A pesar de que la pandemia durante un tiempo no permiti\u00f3 las presentaciones, Alejandro Fern\u00e1ndez aprovech\u00f3 para grabar algunas canciones, que esperamos escuchar como parte de su m\u00e1s reciente producci\u00f3n \u201cCaballero\u201d, el cual se coloc\u00f3 en el agrado de todos sus fans inmediatamente, por lo cual sabemos que Alejandro Fern\u00e1ndez, sigue con paso firme llevando su m\u00fasica a diversos lugares de toda la rep\u00fablica mexicana, claro, no podemos dejar de lado sus \u00e9xitos, como \u201cSe me va la voz\u201d, \u201cNube viajera\u201d, \u201cEstuve\u201d, \u201cS\u00e9 que te duele\u201d, \u201cMe dedique a perderte\u201d, y muchos \u00e9xitos m\u00e1s que no podr\u00e1n faltar este 12 de Noviembre y que los fans esperan escuchar.<\/p>\n\n\n\n<p><br>Alejandro es un cantante mexicano de m\u00fasica ranchera, baladas y pop latino, hijo del hist\u00f3rico cantante Vicente Fern\u00e1ndez. Actualmente cuenta con m\u00e1s de 3 d\u00e9cadas de trayectoria art\u00edstica y un sinf\u00edn de \u00e9xitos musicales.<\/p>\n\n\n\n<p>\u2018El Potrillo\u2019 posee una s\u00f3lida carrera, y ha sido acreedor a&nbsp;dos Grammy Latinos y seis Premios Billboard. Logr\u00f3 vender alrededor del mundo aproximadamente 14 millones de \u00e1lbumes.<\/p>\n\n\n\n<p>Para este concierto se espera seguir contando con todas las medidas sanitarias, por lo cual no olvides llevar tu cubre bocas.<\/p>\n\n\n\n<p>Para m\u00e1s informaci\u00f3n visita la p\u00e1gina oficial del Coliseo Centenario, consigue tu boleto y no te quedes fuera.<\/p>\n","protected":false},"excerpt":{"rendered":"<p>El exponente de la m\u00fasica regional Mexicana Alejandro Fern\u00e1ndez, vuelve una vez m\u00e1s a Torre\u00f3n para deleitar a sus fans, desde el Coliseo Centenario, la cita es este viernes 12 &hellip; <a href=\"https:\/\/lavereda.com.mx\/index.php\/2021\/11\/10\/el-coliseo-centenario-recibe-a-alejandro-fernandez\/\" class=\"more-link\">Leer m\u00e1s<\/a><\/p>\n","protected":false},"author":14,"featured_media":2716,"comment_status":"open","ping_status":"open","sticky":false,"template":"","format":"standard","meta":{"footnotes":""},"categories":[18,4,1],"tags":[],"class_list":["post-2701","post","type-post","status-publish","format-standard","has-post-thumbnail","hentry","category-lomasrelevante","category-musica","category-uncategorized","entry"],"_links":{"self":[{"href":"https:\/\/lavereda.com.mx\/index.php\/wp-json\/wp\/v2\/posts\/2701","targetHints":{"allow":["GET"]}}],"collection":[{"href":"https:\/\/lavereda.com.mx\/index.php\/wp-json\/wp\/v2\/posts"}],"about":[{"href":"https:\/\/lavereda.com.mx\/index.php\/wp-json\/wp\/v2\/types\/post"}],"author":[{"embeddable":true,"href":"https:\/\/lavereda.com.mx\/index.php\/wp-json\/wp\/v2\/users\/14"}],"replies":[{"embeddable":true,"href":"https:\/\/lavereda.com.mx\/index.php\/wp-json\/wp\/v2\/comments?post=2701"}],"version-history":[{"count":5,"href":"https:\/\/lavereda.com.mx\/index.php\/wp-json\/wp\/v2\/posts\/2701\/revisions"}],"predecessor-version":[{"id":2726,"href":"https:\/\/lavereda.com.mx\/index.php\/wp-json\/wp\/v2\/posts\/2701\/revisions\/2726"}],"wp:featuredmedia":[{"embeddable":true,"href":"https:\/\/lavereda.com.mx\/index.php\/wp-json\/wp\/v2\/media\/2716"}],"wp:attachment":[{"href":"https:\/\/lavereda.com.mx\/index.php\/wp-json\/wp\/v2\/media?parent=2701"}],"wp:term":[{"taxonomy":"category","embeddable":true,"href":"https:\/\/lavereda.com.mx\/index.php\/wp-json\/wp\/v2\/categories?post=2701"},{"taxonomy":"post_tag","embeddable":true,"href":"https:\/\/lavereda.com.mx\/index.php\/wp-json\/wp\/v2\/tags?post=2701"}],"curies":[{"name":"wp","href":"https:\/\/api.w.org\/{rel}","templated":true}]}}