{"id":2691,"date":"2021-11-30T16:06:31","date_gmt":"2021-11-30T16:06:31","guid":{"rendered":"http:\/\/lavereda.com.mx\/?p=2691"},"modified":"2021-12-02T23:42:52","modified_gmt":"2021-12-02T23:42:52","slug":"vuelve-hombre-g-al-coliseo-centenario","status":"publish","type":"post","link":"https:\/\/lavereda.com.mx\/index.php\/2021\/11\/30\/vuelve-hombre-g-al-coliseo-centenario\/","title":{"rendered":"Vuelve Hombres G al Coliseo Centenario"},"content":{"rendered":"\n<p>El Coliseo Centenario una vez m\u00e1s recibir\u00e1 a Hombres G como parte del Tour 2021 post pandemia que la banda est\u00e1 ofreciendo.<\/p>\n\n\n\n<p>La cita ser\u00e1 esta pr\u00f3ximo 4 de Diciembre en punto de las 21:00 horas, los boletos ya se encuentra a la venta a trav\u00e9s de superboletos y casi est\u00e1n por agotarse.<\/p>\n\n\n\n<p>Despu\u00e9s de esta larga y exitosa gira alrededor de los escenarios m\u00e1s importantes a nivel mundial, la banda originaria de Madrid, quiere cosechar un logro m\u00e1s en esta bella ciudad de Torre\u00f3n, en tierras mexicanas, donde su m\u00fasica ha traspasado generaciones de fan\u00e1ticos que contin\u00faan escuchando su incre\u00edble m\u00fasica.<\/p>\n\n\n\n<p>A lo largo de su trayectoria art\u00edstica, el cari\u00f1o que le ha profesado la gente latinoamericana y en especial el p\u00fablico nacional, ha conmovido a Summers y compa\u00f1\u00eda para dejar a M\u00e9xico en un lugar especial en el coraz\u00f3n de la banda.<\/p>\n\n\n\n<p><strong>Hombres G<\/strong>&nbsp;es una banda de&nbsp;rock and roll&nbsp;y&nbsp;pop rock&nbsp;en espa\u00f1ol, fundada en&nbsp;Madrid&nbsp;en 1982 por su vocalista&nbsp;David Summers&nbsp;y su guitarrista Rafa Guti\u00e9rrez junto con&nbsp;Javier Molina&nbsp;y Daniel Mezquita. A finales de los a\u00f1os 80 se populariz\u00f3 en Espa\u00f1a con su primer \u00e1lbum, para despu\u00e9s ser conocidos internacionalmente, principalmente en Latinoam\u00e9rica.<\/p>\n\n\n\n<p>Hasta la fecha la banda ha editado doce \u00e1lbumes de estudio:&nbsp;<em>Hombres G<\/em>&nbsp;(1985),&nbsp;<em>La cagaste&#8230; Burt Lancaster<\/em>&nbsp;(1986),&nbsp;<em>Estamos locos&#8230; \u00bfo qu\u00e9?<\/em>&nbsp;(1987),&nbsp;<em>Agitar antes de usar<\/em>&nbsp;(1988),&nbsp;<em>Voy a pas\u00e1rmelo bien<\/em>&nbsp;(1989),&nbsp;<em>\u00c9sta es tu vida<\/em>&nbsp;(1990),&nbsp;<em>Historia del bikini<\/em>&nbsp;(1992),&nbsp;<em>Peligrosamente juntos<\/em>&nbsp;(2002),&nbsp;<em>Todo esto es muy extra\u00f1o<\/em>&nbsp;(2004),&nbsp;<em>10<\/em>&nbsp;(2007),&nbsp;<em>Desayuno continental<\/em>&nbsp;(2010)&nbsp;<em>Resurrecci\u00f3n<\/em>&nbsp;(2019),&nbsp;<em>La esquina de Rowland<\/em>&nbsp;(2021).<\/p>\n\n\n\n<p>La banda se cre\u00f3 cuando por casualidad, coincidieron un d\u00eda Rafa Guti\u00e9rrez, Javier Molina y&nbsp;David Summers&nbsp;en los pasillos de&nbsp;Televisi\u00f3n Espa\u00f1ola, donde ten\u00edan que hacer un trabajo de figuraci\u00f3n en el especial infantil navide\u00f1o del programa musical&nbsp;<em>300 Millones<\/em>, emitido el 7 de diciembre de 1982. Poco despu\u00e9s, Rafa le pidi\u00f3 a David que interviniera con el clarinete en el nuevo grupo que estaba montando con su hermano Felipe. David accedi\u00f3, pero a cambio le pidi\u00f3 tocar su guitarra para el demo que estaba preparando por su cuenta junto a dos amigos de la infancia, Daniel Mezquita Hardy (teclados y guitarra) y Javier Molina<\/p>\n\n\n\n<div class=\"wp-block-image\"><figure class=\"aligncenter size-large is-resized\"><img fetchpriority=\"high\" decoding=\"async\" src=\"https:\/\/lavereda.com.mx\/wp-content\/uploads\/2021\/11\/a1aff4b7bf475b09057255d56c4e90d9666f3a53161469acc446fbbb77623be8-rimg-w526-h275-gmir.jpeg\" alt=\"\" class=\"wp-image-2692\" width=\"402\" height=\"210\" srcset=\"https:\/\/lavereda.com.mx\/wp-content\/uploads\/2021\/11\/a1aff4b7bf475b09057255d56c4e90d9666f3a53161469acc446fbbb77623be8-rimg-w526-h275-gmir.jpeg 526w, https:\/\/lavereda.com.mx\/wp-content\/uploads\/2021\/11\/a1aff4b7bf475b09057255d56c4e90d9666f3a53161469acc446fbbb77623be8-rimg-w526-h275-gmir-300x157.jpeg 300w\" sizes=\"(max-width: 402px) 100vw, 402px\" \/><\/figure><\/div>\n\n\n\n<p>Los fans esperan escuchar cl\u00e1sicos como Devu\u00e9lveme a mi Chica, Temblando, Lo Noto, el Ataque de las Chicas Cocodrilo hasta La esquina de Rowlnad, y por supuesto su m\u00e1s reciente material discogr\u00e1fico realizando un recorrido musical desde los inicios de la banda hasta ahora.<\/p>\n\n\n\n<p>Sin duda ser\u00e1 una noche espectacular que no te puedes perder.<\/p>\n\n\n\n<p style=\"font-size:11px\">Fuente: Superboletos y <em>HombresG.Net<\/em><\/p>\n","protected":false},"excerpt":{"rendered":"<p>El Coliseo Centenario una vez m\u00e1s recibir\u00e1 a Hombres G como parte del Tour 2021 post pandemia que la banda est\u00e1 ofreciendo. La cita ser\u00e1 esta pr\u00f3ximo 4 de Diciembre &hellip; <a href=\"https:\/\/lavereda.com.mx\/index.php\/2021\/11\/30\/vuelve-hombre-g-al-coliseo-centenario\/\" class=\"more-link\">Leer m\u00e1s<\/a><\/p>\n","protected":false},"author":14,"featured_media":2693,"comment_status":"open","ping_status":"open","sticky":false,"template":"","format":"standard","meta":{"footnotes":""},"categories":[18,4],"tags":[],"class_list":["post-2691","post","type-post","status-publish","format-standard","has-post-thumbnail","hentry","category-lomasrelevante","category-musica","entry"],"_links":{"self":[{"href":"https:\/\/lavereda.com.mx\/index.php\/wp-json\/wp\/v2\/posts\/2691","targetHints":{"allow":["GET"]}}],"collection":[{"href":"https:\/\/lavereda.com.mx\/index.php\/wp-json\/wp\/v2\/posts"}],"about":[{"href":"https:\/\/lavereda.com.mx\/index.php\/wp-json\/wp\/v2\/types\/post"}],"author":[{"embeddable":true,"href":"https:\/\/lavereda.com.mx\/index.php\/wp-json\/wp\/v2\/users\/14"}],"replies":[{"embeddable":true,"href":"https:\/\/lavereda.com.mx\/index.php\/wp-json\/wp\/v2\/comments?post=2691"}],"version-history":[{"count":6,"href":"https:\/\/lavereda.com.mx\/index.php\/wp-json\/wp\/v2\/posts\/2691\/revisions"}],"predecessor-version":[{"id":2865,"href":"https:\/\/lavereda.com.mx\/index.php\/wp-json\/wp\/v2\/posts\/2691\/revisions\/2865"}],"wp:featuredmedia":[{"embeddable":true,"href":"https:\/\/lavereda.com.mx\/index.php\/wp-json\/wp\/v2\/media\/2693"}],"wp:attachment":[{"href":"https:\/\/lavereda.com.mx\/index.php\/wp-json\/wp\/v2\/media?parent=2691"}],"wp:term":[{"taxonomy":"category","embeddable":true,"href":"https:\/\/lavereda.com.mx\/index.php\/wp-json\/wp\/v2\/categories?post=2691"},{"taxonomy":"post_tag","embeddable":true,"href":"https:\/\/lavereda.com.mx\/index.php\/wp-json\/wp\/v2\/tags?post=2691"}],"curies":[{"name":"wp","href":"https:\/\/api.w.org\/{rel}","templated":true}]}}