{"id":2688,"date":"2021-11-06T16:48:54","date_gmt":"2021-11-06T16:48:54","guid":{"rendered":"http:\/\/lavereda.com.mx\/?p=2688"},"modified":"2021-11-06T16:48:55","modified_gmt":"2021-11-06T16:48:55","slug":"black-mirror-caida-en-picada","status":"publish","type":"post","link":"https:\/\/lavereda.com.mx\/index.php\/2021\/11\/06\/black-mirror-caida-en-picada\/","title":{"rendered":"Black Mirror: Ca\u00edda en picada"},"content":{"rendered":"\n<p><strong>(Black Mirror; Nosedive, 2016)<\/strong><\/p>\n\n\n\n<p>En un futuro dist\u00f3pico y deprimente, la interacci\u00f3n social est\u00e1 determinada por la aprobaci\u00f3n que se le da a las personas en una red social en particular. Los suscritos valen por los likes que tienen. Los que tienen una determinada cantidad aceptable, y son populares, reciben beneficios sociales como descuentos, acceso a sitios de privilegio, interacci\u00f3n con personas importantes. En cambio, los hura\u00f1os, los que no participan en el juego, son como ciudadanos de segunda.<\/p>\n\n\n\n<p>Lacie (Bryce Dallas Howard) es una chica con grandes aspiraciones que necesita obtener aprobaci\u00f3n social en redes para ascender en la escala social. Siente que ha sido bendecida cuando una popular amiga de la infancia la invita a su boda, lo que le atraer\u00e1 seguramente una mayor puntuaci\u00f3n que le permitir\u00e1 a acceder a los c\u00edrculos que quiere. Aunque el viaje a la celebraci\u00f3n resulta un desastre y su vida se ve definitivamente afectada por su plan fallido para interactuar con influencers.<\/p>\n\n\n\n<p>A diferencia de otros episodios de la serie brit\u00e1nica, este es mucho menos oscuro con un humor muy negro y con una cr\u00edtica directa a quienes buscan popularidad en medios virtuales, no en la realidad.<\/p>\n\n\n\n<p>El reproche es hacia la hipocres\u00eda con la que se conducen algunas personas que en redes sociales fingen que son felices y agradables cuando su vida es muy diferente al para\u00edso que proyectan en ese mundo de internet.<\/p>\n\n\n\n<p>Es una joya de f\u00e1bula moderna, sobre el vac\u00edo existencial que algunas personas quieren llenar con la fantas\u00eda de un mundo que solo existe en su imaginaci\u00f3n.<\/p>\n\n\n\n<p>(R. Restringido; menores de 17 deben estar acompa\u00f1ados de sus padres)<\/p>\n\n\n\n<p>Twitter @LucianoCamposG<\/p>\n","protected":false},"excerpt":{"rendered":"<p>(Black Mirror; Nosedive, 2016) En un futuro dist\u00f3pico y deprimente, la interacci\u00f3n social est\u00e1 determinada por la aprobaci\u00f3n que se le da a las personas en una red social en &hellip; <a href=\"https:\/\/lavereda.com.mx\/index.php\/2021\/11\/06\/black-mirror-caida-en-picada\/\" class=\"more-link\">Leer m\u00e1s<\/a><\/p>\n","protected":false},"author":3,"featured_media":2689,"comment_status":"open","ping_status":"open","sticky":false,"template":"","format":"standard","meta":{"footnotes":""},"categories":[6],"tags":[],"class_list":["post-2688","post","type-post","status-publish","format-standard","has-post-thumbnail","hentry","category-cinetv","entry"],"_links":{"self":[{"href":"https:\/\/lavereda.com.mx\/index.php\/wp-json\/wp\/v2\/posts\/2688","targetHints":{"allow":["GET"]}}],"collection":[{"href":"https:\/\/lavereda.com.mx\/index.php\/wp-json\/wp\/v2\/posts"}],"about":[{"href":"https:\/\/lavereda.com.mx\/index.php\/wp-json\/wp\/v2\/types\/post"}],"author":[{"embeddable":true,"href":"https:\/\/lavereda.com.mx\/index.php\/wp-json\/wp\/v2\/users\/3"}],"replies":[{"embeddable":true,"href":"https:\/\/lavereda.com.mx\/index.php\/wp-json\/wp\/v2\/comments?post=2688"}],"version-history":[{"count":2,"href":"https:\/\/lavereda.com.mx\/index.php\/wp-json\/wp\/v2\/posts\/2688\/revisions"}],"predecessor-version":[{"id":2696,"href":"https:\/\/lavereda.com.mx\/index.php\/wp-json\/wp\/v2\/posts\/2688\/revisions\/2696"}],"wp:featuredmedia":[{"embeddable":true,"href":"https:\/\/lavereda.com.mx\/index.php\/wp-json\/wp\/v2\/media\/2689"}],"wp:attachment":[{"href":"https:\/\/lavereda.com.mx\/index.php\/wp-json\/wp\/v2\/media?parent=2688"}],"wp:term":[{"taxonomy":"category","embeddable":true,"href":"https:\/\/lavereda.com.mx\/index.php\/wp-json\/wp\/v2\/categories?post=2688"},{"taxonomy":"post_tag","embeddable":true,"href":"https:\/\/lavereda.com.mx\/index.php\/wp-json\/wp\/v2\/tags?post=2688"}],"curies":[{"name":"wp","href":"https:\/\/api.w.org\/{rel}","templated":true}]}}