{"id":2685,"date":"2021-11-05T18:41:14","date_gmt":"2021-11-05T18:41:14","guid":{"rendered":"http:\/\/lavereda.com.mx\/?p=2685"},"modified":"2021-11-05T18:41:17","modified_gmt":"2021-11-05T18:41:17","slug":"la-fabrica-de-las-cosas-pendientes-llega-al-teatro-nazas","status":"publish","type":"post","link":"https:\/\/lavereda.com.mx\/index.php\/2021\/11\/05\/la-fabrica-de-las-cosas-pendientes-llega-al-teatro-nazas\/","title":{"rendered":"\u201cLa f\u00e1brica de las cosas pendientes\u201d llega al Teatro Nazas"},"content":{"rendered":"\n<p>La reactivaci\u00f3n esc\u00e9nica contin\u00faa en la Comarca Lagunera y vienen actividades importantes, tanto en teatro como en danza para este mes.<\/p>\n\n\n\n<p>El Teatro Nazas ser\u00e1 sede de la presentaci\u00f3n del espect\u00e1culo de danza contempor\u00e1nea \u201cLa f\u00e1brica de las cosas pendientes\u201d, con artistas de Nuevo Le\u00f3n, bajo la direcci\u00f3n general de Claudia Villarreal.<\/p>\n\n\n\n<p>El montaje es una propuesta esc\u00e9nica que surge desde la reflexi\u00f3n en torno a la vida, al cuerpo y al tiempo. Tiene como punto departida la relaci\u00f3n entre los conceptos de f\u00e1brica &#8211; cuerpo y f\u00e1brica &#8211; vida.&nbsp;<\/p>\n\n\n\n<p>\u201cLa f\u00e1brica como un lugar de trabajos inconclusos y el cuerpo como la \u00fanica forma de transitar la vida. La F\u00e1brica de las Cosas Pendientes busca acercarse a la experiencia de vivir y celebrar lo que somos: personas con deseos y con muchas cosas pendientes por resolver\u201d, explicaron los realizadores.<\/p>\n\n\n\n<p>La producci\u00f3n ejecutiva y direcci\u00f3n General es de Claudia Villarreal,&nbsp;quienes se decidieron a colaborar en una producci\u00f3n en la que pudieran explotar sus habilidades y potencial como bailarinas y gestoras. La&nbsp;m\u00fasica original de \u00d3scar Mascare\u00f1as.&nbsp;<\/p>\n\n\n\n<p>Se trata de una producci\u00f3n de danza realizada con el est\u00edmulo fiscal para las Artes EFIARTES 2017&nbsp;<\/p>\n\n\n\n<p>Las funciones ser\u00e1n el s\u00e1bado 13 de noviembre a las 19:00 horas y el domingo 14 de noviembre 18:00 horas.&nbsp;<\/p>\n\n\n\n<p>Costo del boleto $150.00.&nbsp;<\/p>\n","protected":false},"excerpt":{"rendered":"<p>La reactivaci\u00f3n esc\u00e9nica contin\u00faa en la Comarca Lagunera y vienen actividades importantes, tanto en teatro como en danza para este mes. El Teatro Nazas ser\u00e1 sede de la presentaci\u00f3n del &hellip; <a href=\"https:\/\/lavereda.com.mx\/index.php\/2021\/11\/05\/la-fabrica-de-las-cosas-pendientes-llega-al-teatro-nazas\/\" class=\"more-link\">Leer m\u00e1s<\/a><\/p>\n","protected":false},"author":1,"featured_media":2686,"comment_status":"open","ping_status":"open","sticky":false,"template":"","format":"standard","meta":{"footnotes":""},"categories":[2],"tags":[],"class_list":["post-2685","post","type-post","status-publish","format-standard","has-post-thumbnail","hentry","category-artes-escenicas","entry"],"_links":{"self":[{"href":"https:\/\/lavereda.com.mx\/index.php\/wp-json\/wp\/v2\/posts\/2685","targetHints":{"allow":["GET"]}}],"collection":[{"href":"https:\/\/lavereda.com.mx\/index.php\/wp-json\/wp\/v2\/posts"}],"about":[{"href":"https:\/\/lavereda.com.mx\/index.php\/wp-json\/wp\/v2\/types\/post"}],"author":[{"embeddable":true,"href":"https:\/\/lavereda.com.mx\/index.php\/wp-json\/wp\/v2\/users\/1"}],"replies":[{"embeddable":true,"href":"https:\/\/lavereda.com.mx\/index.php\/wp-json\/wp\/v2\/comments?post=2685"}],"version-history":[{"count":2,"href":"https:\/\/lavereda.com.mx\/index.php\/wp-json\/wp\/v2\/posts\/2685\/revisions"}],"predecessor-version":[{"id":2697,"href":"https:\/\/lavereda.com.mx\/index.php\/wp-json\/wp\/v2\/posts\/2685\/revisions\/2697"}],"wp:featuredmedia":[{"embeddable":true,"href":"https:\/\/lavereda.com.mx\/index.php\/wp-json\/wp\/v2\/media\/2686"}],"wp:attachment":[{"href":"https:\/\/lavereda.com.mx\/index.php\/wp-json\/wp\/v2\/media?parent=2685"}],"wp:term":[{"taxonomy":"category","embeddable":true,"href":"https:\/\/lavereda.com.mx\/index.php\/wp-json\/wp\/v2\/categories?post=2685"},{"taxonomy":"post_tag","embeddable":true,"href":"https:\/\/lavereda.com.mx\/index.php\/wp-json\/wp\/v2\/tags?post=2685"}],"curies":[{"name":"wp","href":"https:\/\/api.w.org\/{rel}","templated":true}]}}