{"id":2672,"date":"2021-11-04T23:28:00","date_gmt":"2021-11-04T23:28:00","guid":{"rendered":"http:\/\/lavereda.com.mx\/?p=2672"},"modified":"2021-11-05T18:24:17","modified_gmt":"2021-11-05T18:24:17","slug":"maricarmen-de-sergio-morkin-se-estrenara-en-las-pantallas-de-cine-mexicanas","status":"publish","type":"post","link":"https:\/\/lavereda.com.mx\/index.php\/2021\/11\/04\/maricarmen-de-sergio-morkin-se-estrenara-en-las-pantallas-de-cine-mexicanas\/","title":{"rendered":"\u00abMaricarmen\u00bb de Sergio Morkin, se estrena en las pantallas de cine mexicanas"},"content":{"rendered":"\n<p>La pel\u00edcula lleg\u00f3 a las pantallas de cine mexicanas bajo el sello de Cin\u00e9polis Distribuci\u00f3n, este jueves 4 de noviembre.&nbsp;<\/p>\n\n\n\n<p>El documental cuenta la historia de&nbsp; Maricarmen Graue, una mujer ciega, cuya condici\u00f3n no le ha impedido ser una chelista mexicana que a su vez da clases de m\u00fasica, hace artes pl\u00e1sticas, compite en atletismo y escribe, mostrando as\u00ed que la vida se tiene que vivir intensamente a pesar de la adversidad. Se muestra un acercamiento valiente y honesto a su mundo interior, adem\u00e1s de ser un testimonio de c\u00f3mo se reencuentra la chelista con su madre. Un ejercicio de redescubrimiento que inicia en lo \u00edntimo y culmina en lo familiar.<\/p>\n\n\n\n<p>La cinta ha tenido un recorrido muy exitoso por diversos festivales de cine en todo el mundo, se estren\u00f3 en el Festival \u00c9 Tudo Verdade: Festival Internacional de Document\u00e1rios de Brasil, donde&nbsp; obtuvo menci\u00f3n honor\u00edfica. Consigui\u00f3 el Premio del P\u00fablico en el Festival Internacional de Cine de Morelia, en 2019 y ha sido parte de las selecciones oficiales de DOCSMX, el Festival de Cine de Lima y el Festival internacional de Cine de derechos Humanos de Bolivia.<\/p>\n\n\n\n<p>Con el apoyo de Fundaci\u00f3n Cin\u00e9polis, Cin\u00e9polis Distribuci\u00f3n y el director del documental, Sergio Morkin, las funciones de <em>Maricarmen <\/em>en las salas de Cin\u00e9polis ser\u00e1n inclusivas para personas con discapacidad visual&nbsp; y auditiva. A trav\u00e9s de la app GoAll podr\u00e1n acceder desde sus tel\u00e9fonos a las versiones adaptadas. GoAll est\u00e1 disponible de manera gratuita para iOS y Android.&nbsp;<\/p>\n\n\n\n<p><em>Maricarmen<\/em> es una oda a la vida, que nos habla de c\u00f3mo se debe de luchar por lo que uno quiere, a pesar de lo que interponga en nuestro camino. Para mayor informaci\u00f3n sobre funciones y disponibilidad de boletos, visita: <a href=\"https:\/\/icunacuryacosta.us3.list-manage.com\/track\/click?u=e78bfe01a23fe4f291f90d771&amp;id=d4963b48ac&amp;e=ba77eb92dd\">www.cinepolis.com<\/a><\/p>\n","protected":false},"excerpt":{"rendered":"<p>La pel\u00edcula lleg\u00f3 a las pantallas de cine mexicanas bajo el sello de Cin\u00e9polis Distribuci\u00f3n, este jueves 4 de noviembre.&nbsp; El documental cuenta la historia de&nbsp; Maricarmen Graue, una mujer &hellip; <a href=\"https:\/\/lavereda.com.mx\/index.php\/2021\/11\/04\/maricarmen-de-sergio-morkin-se-estrenara-en-las-pantallas-de-cine-mexicanas\/\" class=\"more-link\">Leer m\u00e1s<\/a><\/p>\n","protected":false},"author":1,"featured_media":2673,"comment_status":"open","ping_status":"open","sticky":false,"template":"","format":"standard","meta":{"footnotes":""},"categories":[6],"tags":[],"class_list":["post-2672","post","type-post","status-publish","format-standard","has-post-thumbnail","hentry","category-cinetv","entry"],"_links":{"self":[{"href":"https:\/\/lavereda.com.mx\/index.php\/wp-json\/wp\/v2\/posts\/2672","targetHints":{"allow":["GET"]}}],"collection":[{"href":"https:\/\/lavereda.com.mx\/index.php\/wp-json\/wp\/v2\/posts"}],"about":[{"href":"https:\/\/lavereda.com.mx\/index.php\/wp-json\/wp\/v2\/types\/post"}],"author":[{"embeddable":true,"href":"https:\/\/lavereda.com.mx\/index.php\/wp-json\/wp\/v2\/users\/1"}],"replies":[{"embeddable":true,"href":"https:\/\/lavereda.com.mx\/index.php\/wp-json\/wp\/v2\/comments?post=2672"}],"version-history":[{"count":3,"href":"https:\/\/lavereda.com.mx\/index.php\/wp-json\/wp\/v2\/posts\/2672\/revisions"}],"predecessor-version":[{"id":2684,"href":"https:\/\/lavereda.com.mx\/index.php\/wp-json\/wp\/v2\/posts\/2672\/revisions\/2684"}],"wp:featuredmedia":[{"embeddable":true,"href":"https:\/\/lavereda.com.mx\/index.php\/wp-json\/wp\/v2\/media\/2673"}],"wp:attachment":[{"href":"https:\/\/lavereda.com.mx\/index.php\/wp-json\/wp\/v2\/media?parent=2672"}],"wp:term":[{"taxonomy":"category","embeddable":true,"href":"https:\/\/lavereda.com.mx\/index.php\/wp-json\/wp\/v2\/categories?post=2672"},{"taxonomy":"post_tag","embeddable":true,"href":"https:\/\/lavereda.com.mx\/index.php\/wp-json\/wp\/v2\/tags?post=2672"}],"curies":[{"name":"wp","href":"https:\/\/api.w.org\/{rel}","templated":true}]}}