{"id":2667,"date":"2021-11-04T20:59:24","date_gmt":"2021-11-04T20:59:24","guid":{"rendered":"http:\/\/lavereda.com.mx\/?p=2667"},"modified":"2021-11-05T16:17:48","modified_gmt":"2021-11-05T16:17:48","slug":"partio-mario-lavista-musico-y-compositor-eminente-del-siglo-xx-y-xxi","status":"publish","type":"post","link":"https:\/\/lavereda.com.mx\/index.php\/2021\/11\/04\/partio-mario-lavista-musico-y-compositor-eminente-del-siglo-xx-y-xxi\/","title":{"rendered":"Parti\u00f3 Mario Lavista, m\u00fasico y compositor eminente del siglo XX y XXI"},"content":{"rendered":"\n<p>Integrantes de la comunidad art\u00edstica expresaron su profundo pesar por la sensible partida, este 4 de noviembre, del compositor mexicano Mario Lavista Camacho, una de las figuras m\u00e1s relevantes de la m\u00fasica de la segunda mitad del siglo para M\u00e9xico y el mundo.<\/p>\n\n\n\n<p>Al respecto, la secretaria de Cultura, Alejandra Frausto Guerrero, expres\u00f3 sus condolencias y envi\u00f3 un abrazo a sus familiares, amigos, alumnos y colegas, al afirmar: \u201cLa m\u00fasica est\u00e1 de luto. Hoy se despide el maestro Mario Lavista, enorme figura del arte y maestro de generaciones. M\u00e9xico y Am\u00e9rica Latina pierden a uno de los compositores m\u00e1s destacados del \u00faltimo siglo\u201d.<\/p>\n\n\n\n<p>Y agreg\u00f3 que, en acuerdo con su familia y como reconocimiento a una de las figuras m\u00e1s influyentes en la conformaci\u00f3n de la escena musical contempor\u00e1nea en M\u00e9xico y por su compromiso constante con las nuevas generaciones, se realizar\u00e1 un homenaje p\u00f3stumo de cuerpo presente, hoy, en el Palacio de Bellas Artes a las 17:00 horas.<\/p>\n\n\n\n<blockquote class=\"wp-block-quote is-layout-flow wp-block-quote-is-layout-flow\"><p>A su vez, la directora general del INBAL, Lucina Jim\u00e9nez L\u00f3pez, se\u00f1al\u00f3:<br>\u201cM\u00e9xico le rinde honor a un gran m\u00fasico, al compositor m\u00e1s eminente de las \u00faltimas d\u00e9cadas, a uno de los m\u00e1s generosos, queridos y reconocidos maestros. Para Mario Lavista no hubo l\u00edmites en la m\u00fasica. La perplejidad y el asombro, la curiosidad y la experimentaci\u00f3n eran para \u00e9l casi naturales. Como buen sabio, se nutri\u00f3 de la literatura, la pintura, la m\u00fasica de los grandes. Su obra dio fecundos frutos a la m\u00fasica de Am\u00e9rica Latina y del mundo a trav\u00e9s de una po\u00e9tica sonora muy propia. Sus c\u00e1tedras de composici\u00f3n, an\u00e1lisis y lenguaje musical del siglo XX en el Conservatorio Nacional de M\u00fasica y su impulso a la revista Pauta son irremplazables\u201d.<\/p><\/blockquote>\n\n\n\n<p>Mario Lavista conform\u00f3 un legado fundamental a la m\u00fasica de los siglos XX y XXI, no solo por su obra musical, sino tambi\u00e9n por su labor como divulgador y como maestro de numerosas generaciones de profesionales de la m\u00fasica y la composici\u00f3n.<br>Su trayectoria art\u00edstica y acad\u00e9mica enriqueci\u00f3 la vida cultural y musical del pa\u00eds y de otras latitudes, por ello fue galardonado con m\u00faltiples reconocimientos, de los cuales destacan el Premio Nacional de Ciencias y Artes y la medalla Mozart en 1991, la distinci\u00f3n de Creador Em\u00e9rito por el entonces Consejo Nacional para la Cultura y las Artes (Conaculta) en 1995, y la Medalla Conmemorativa del Palacio de Bellas Artes, en 2006, otorgada por el entonces Conaculta y el Instituto Nacional de Bellas Artes y Literatura. Desde 1987 form\u00f3 parte de La Academia de Artes; en 1998 ingres\u00f3 a El Colegio Nacional, fue miembro honorario del Seminario de Cultura Mexicana.<\/p>\n\n\n\n<p>Siempre abierto a la experimentaci\u00f3n y en constante b\u00fasqueda del refinamiento del lenguaje musical, su obra abarca diferentes formatos, desde m\u00fasica para instrumento solo, as\u00ed como m\u00fasica vocal, de c\u00e1mara, orquesta y su \u00fanica \u00f3pera, Aura, basada en la obra de Carlos Fuentes y realizada con una beca de la Fundaci\u00f3n Guggenheim. Destacan tambi\u00e9n sus seis cuartetos de cuerdas, en especial el No. 2, Reflejos de la noche, que es quiz\u00e1s, junto a Simurg para piano, una de sus obras m\u00e1s programadas, a pesar de la dificultad interpretativa que implica. De igual forma, Marsias para oboe y copas de cristal refleja la fascinaci\u00f3n de Lavista por esos otros sonidos que esconden los instrumentos.<\/p>\n\n\n\n<p>A lo largo de su trayectoria, desarroll\u00f3 un profundo inter\u00e9s por otras artes y por la interdisciplina. Fue as\u00ed que realiz\u00f3 obras como M\u00fasica para un \u00e1rbol y Bocetos para una rama, a prop\u00f3sito de la obra de la artista pl\u00e1stica Sandra Pani. La danza tambi\u00e9n form\u00f3 parte de sus procesos creativos, por ello compuso m\u00fasica para diversos proyectos que desarroll\u00f3 en colaboraci\u00f3n con su hija, la bailarina y core\u00f3grafa Claudia Lavista, entre ellos, Divertimento para una bruja, escrita para la obra coreogr\u00e1fica Memoria Ciega, dentro del Homenaje Nacional a Guillermina Bravo en 2020. Su gusto por la m\u00fasica de cine qued\u00f3 plasmado en las bandas sonoras de pel\u00edculas como Cabeza de Vaca, Vivir mata, Eco de la monta\u00f1a y Mar\u00eda Sabina.<\/p>\n\n\n\n<p>Como parte de su ardua labor en la divulgaci\u00f3n y el an\u00e1lisis en torno al quehacer musical, a trav\u00e9s de El Colegio Nacional, public\u00f3 los textos Cuadernos de m\u00fasica y 13 comentarios en torno a la m\u00fasica, y en colaboraci\u00f3n con el Centro de Investigaci\u00f3n, Documentaci\u00f3n e Informaci\u00f3n Musical Carlos Ch\u00e1vez (Cenidim) public\u00f3 el libro Mario Lavista. Textos en torno a la m\u00fasica. Asimismo, fue fundador y director de la revista Pauta, cuadernos de teor\u00eda y cr\u00edtica musical.<\/p>\n\n\n\n<p>EN LA ACADEMIA<\/p>\n\n\n\n<p>En relaci\u00f3n con sus actividades acad\u00e9micas, Mario Lavista consideraba \u201cque el ejercicio de la docencia puede ser igualmente creativo, interviene con la imaginaci\u00f3n y es espl\u00e9ndido el contacto con los j\u00f3venes y que lo cuestionen a uno en muchos sentidos\u201d. De igual forma sosten\u00eda que \u201chay una especie de exigencia social que me dice que una manera de retribuir a la naci\u00f3n por lo que me dio, es a trav\u00e9s del ejercicio de la docencia, es preparando lo mejor que uno puede a los j\u00f3venes\u00bb, y as\u00ed lo cumpli\u00f3.<\/p>\n\n\n\n<div class=\"wp-block-image\"><figure class=\"aligncenter size-large\"><img fetchpriority=\"high\" decoding=\"async\" width=\"400\" height=\"240\" src=\"https:\/\/lavereda.com.mx\/wp-content\/uploads\/2021\/11\/1550CF2F-2BB4-4E04-AA7E-62E5575FCEAD.jpeg\" alt=\"\" class=\"wp-image-2668\" srcset=\"https:\/\/lavereda.com.mx\/wp-content\/uploads\/2021\/11\/1550CF2F-2BB4-4E04-AA7E-62E5575FCEAD.jpeg 400w, https:\/\/lavereda.com.mx\/wp-content\/uploads\/2021\/11\/1550CF2F-2BB4-4E04-AA7E-62E5575FCEAD-300x180.jpeg 300w\" sizes=\"(max-width: 400px) 100vw, 400px\" \/><\/figure><\/div>\n\n\n\n<p>La m\u00fasica de Mario Lavista fue constante protagonista de diferentes ediciones del FIMNME por lo que, en 2013, se realiz\u00f3 la conferencia Mario Lavista: cuaderno de viaje, en ocasi\u00f3n del 70 aniversario del compositor.<\/p>\n\n\n\n<p>En su permanente colaboraci\u00f3n con el INBAL, al que consider\u00f3 su casa creativa, Lavista Camacho deja importantes aportaciones al quehacer musical del pa\u00eds, en complicidad con agrupaciones como la Orquesta Sinf\u00f3nica Nacional (OSN), la Orquesta de C\u00e1mara de Bellas Artes (OCBA) y especialmente con el Centro de Experimentaci\u00f3n y Producci\u00f3n de M\u00fasica Contempor\u00e1nea (Cepromusic), agrupaciones que han dado vida a su m\u00fasica.<\/p>\n\n\n\n<p>En febrero de este a\u00f1o, a trav\u00e9s de la plataforma YouTube del INBAL y como parte de la iniciativa Contigo en la distancia, el Cepromusic en su ciclo Presencias, transmiti\u00f3 una charla entre Jos\u00e9 Luis Castillo y Mario Lavista, en la cual expuso interesantes reflexiones en torno a la situaci\u00f3n sanitaria y el quehacer musical, adem\u00e1s de hablar sobre su obra Duelo, para trompeta, la cual se puede escuchar y seguir la partitura en la misma sesi\u00f3n: https:\/\/www.youtube.com\/watch?v=-d2VrB2Uj2c<\/p>\n","protected":false},"excerpt":{"rendered":"<p>Integrantes de la comunidad art\u00edstica expresaron su profundo pesar por la sensible partida, este 4 de noviembre, del compositor mexicano Mario Lavista Camacho, una de las figuras m\u00e1s relevantes de &hellip; <a href=\"https:\/\/lavereda.com.mx\/index.php\/2021\/11\/04\/partio-mario-lavista-musico-y-compositor-eminente-del-siglo-xx-y-xxi\/\" class=\"more-link\">Leer m\u00e1s<\/a><\/p>\n","protected":false},"author":1,"featured_media":2679,"comment_status":"open","ping_status":"open","sticky":false,"template":"","format":"standard","meta":{"footnotes":""},"categories":[18,4],"tags":[],"class_list":["post-2667","post","type-post","status-publish","format-standard","has-post-thumbnail","hentry","category-lomasrelevante","category-musica","entry"],"_links":{"self":[{"href":"https:\/\/lavereda.com.mx\/index.php\/wp-json\/wp\/v2\/posts\/2667","targetHints":{"allow":["GET"]}}],"collection":[{"href":"https:\/\/lavereda.com.mx\/index.php\/wp-json\/wp\/v2\/posts"}],"about":[{"href":"https:\/\/lavereda.com.mx\/index.php\/wp-json\/wp\/v2\/types\/post"}],"author":[{"embeddable":true,"href":"https:\/\/lavereda.com.mx\/index.php\/wp-json\/wp\/v2\/users\/1"}],"replies":[{"embeddable":true,"href":"https:\/\/lavereda.com.mx\/index.php\/wp-json\/wp\/v2\/comments?post=2667"}],"version-history":[{"count":4,"href":"https:\/\/lavereda.com.mx\/index.php\/wp-json\/wp\/v2\/posts\/2667\/revisions"}],"predecessor-version":[{"id":2681,"href":"https:\/\/lavereda.com.mx\/index.php\/wp-json\/wp\/v2\/posts\/2667\/revisions\/2681"}],"wp:featuredmedia":[{"embeddable":true,"href":"https:\/\/lavereda.com.mx\/index.php\/wp-json\/wp\/v2\/media\/2679"}],"wp:attachment":[{"href":"https:\/\/lavereda.com.mx\/index.php\/wp-json\/wp\/v2\/media?parent=2667"}],"wp:term":[{"taxonomy":"category","embeddable":true,"href":"https:\/\/lavereda.com.mx\/index.php\/wp-json\/wp\/v2\/categories?post=2667"},{"taxonomy":"post_tag","embeddable":true,"href":"https:\/\/lavereda.com.mx\/index.php\/wp-json\/wp\/v2\/tags?post=2667"}],"curies":[{"name":"wp","href":"https:\/\/api.w.org\/{rel}","templated":true}]}}