{"id":2658,"date":"2021-11-02T17:46:49","date_gmt":"2021-11-02T17:46:49","guid":{"rendered":"http:\/\/lavereda.com.mx\/?p=2658"},"modified":"2021-11-02T17:47:25","modified_gmt":"2021-11-02T17:47:25","slug":"fusionan-las-pasiones-del-flamenco-y-el-jazz","status":"publish","type":"post","link":"https:\/\/lavereda.com.mx\/index.php\/2021\/11\/02\/fusionan-las-pasiones-del-flamenco-y-el-jazz\/","title":{"rendered":"Fusionan las pasiones del flamenco y el jazz"},"content":{"rendered":"\n<p>Un tr\u00edo de jazz y una bailaora de flamenco se han unido para crear el espect\u00e1culo \u201cJazzmenco\u201d, que forma parte del Circuito Nacional de Artes Esc\u00e9nicas en Espacios Independientes del Centro Cultural Hel\u00e9nico, y que llega a Torre\u00f3n el pr\u00f3ximo 20 de noviembre en el Teatro Nazas.<\/p>\n\n\n\n<p>\u201cCuando el jazz y el flamenco se miran de reojo\u201d, es el slogan de este montaje de los artistas saltillenses Melissa Soto en el baile, H\u00e9ctor Z\u00e1rate en la composici\u00f3n y guitarra, H\u00e9ctor Alarc\u00f3n en el contrabajo y Noel Cort\u00e9s en el saxof\u00f3n.<\/p>\n\n\n\n<p>La joven bailaora Melissa Soto, comparti\u00f3 en entrevista que se trata de un espect\u00e1culo interdisciplinario donde adem\u00e1s del baile y la m\u00fasica, se recurre a elementos teatrales porque se va contando una historia, se van entrelazando intereses de los m\u00fasicos y la bailaora.<\/p>\n\n\n\n<p>La propuesta ya se ha presentado en escenarios de Chihuahua, Durango, Nuevo Le\u00f3n y en Saltillo. La idea nace de proponer otras formas de abordar el flamenco, con nuevos aires y aprovechar el talento musical de este tr\u00edo de jazz.<\/p>\n\n\n\n<p>En la opini\u00f3n de Melissa, comparar flamenco con otras disciplinas no es algo nuevo, es un estilo que propuso el m\u00fasico Paco de Luc\u00eda. \u201cEn este caso son piezas in\u00e9ditas del compositor y guitarrista H\u00e9ctor Z\u00e1rate, jazzista de toda la vida. Noel Cort\u00e9s es m\u00fasico de la Big Band de Coahuila y H\u00e9ctor Alarc\u00f3n, m\u00fasico de la Orquesta Filarm\u00f3nica de Coahuila\u201d.<\/p>\n\n\n\n<p><strong>REVALORAR EL FLAMENCO<\/strong><\/p>\n\n\n\n<p>De 26 a\u00f1os de edad, Melissa Soto lleva alrededor de 12 a\u00f1os bailando flamenco. \u201cFue muy importante iniciar a esa edad, en la que te est\u00e1s auto reconociendo. Soy licenciada en comunicaci\u00f3n y decid\u00ed que quer\u00eda dedicarme para siempre al baile, pero adem\u00e1s soy actriz. Estas dos disciplinas me llevan a hacer este espect\u00e1culo, buscando otros horizontes con el flamenco\u201d.<\/p>\n\n\n\n<p>Comparti\u00f3 que ya inici\u00f3 en Saltillo la academia \u201cSoto Flamenco\u201d hace un a\u00f1o.<\/p>\n\n\n\n<p>En entrevista acerca de la aceptaci\u00f3n que tiene el flamenco en La Laguna y en Saltillo, consider\u00f3 que:<\/p>\n\n\n\n<blockquote class=\"wp-block-quote is-layout-flow wp-block-quote-is-layout-flow\"><p> \u201cEs un tema complejo, tuvimos en otras generaciones a Pilar Rioja y a Amparo Gonz\u00e1lez, mi mam\u00e1 bail\u00f3 flamenco\u2026 pero creo que s\u00ed nos falta un poco de difusi\u00f3n, hubo ruptura de esta continuidad, el flamenco no es algo viejo es algo que est\u00e1 en constante actualizaci\u00f3n, pero lo dejamos con las grandes bailaoras, mi percepci\u00f3n es que ya no se le dio suficiente continuidad. Existe pero es muy reducido la gente que est\u00e1 cerca\u201d.&nbsp;<\/p><\/blockquote>\n\n\n\n<p>\u201cNos falta que los j\u00f3venes lo conozcan y que exista la apertura de los adultos al flamenco moderno. Justamente se fusiona con otras disciplinas, no es solo el t\u00edpico vestido blanco con rojo, no solamente las casta\u00f1uelas, el tablao, es necesario que los j\u00f3venes se acerquen\u201d.<\/p>\n\n\n\n<p>Melissa percibe al flamenco como algo tan pasional, \u00fanico, aut\u00e9ntico, \u201cahora que vemos el empoderamiento de la mujer, el flamenco lo est\u00e1 diciendo, el arrojo que los ten\u00edan los gitanos, del zapateado, la m\u00fasica, la guitarra, podemos alzar la voz\u2026 El flamenco nos permite gritarlo, decirlo, es una expresi\u00f3n de mucha fuerza y car\u00e1cter, es ah\u00ed donde podemos conectar con los j\u00f3venes\u2026 Queremos tanto movernos, salir de las casas\u201d, expres\u00f3.<\/p>\n\n\n\n<p>El espect\u00e1culo Jazzmenco se presentar\u00e1 el 20 de noviembre en dos funciones, a las 18:00 y 20:00 horas, en el Teatro Nazas. El costo es de $100.<\/p>\n\n\n\n<p>Link de venta de boletos:&nbsp;<a href=\"https:\/\/www.eventbrite.com.mx\/e\/jazzmenco-cuando-el-jazz-y-el-flamenco-se-miran-de-reojo-torreon-tickets-171547833187?aff=efbneb\">https:\/\/www.eventbrite.com.mx\/e\/jazzmenco-cuando-el-jazz-y-el-flamenco-se-miran-de-reojo-torreon-tickets-171547833187?aff=efbneb<\/a><\/p>\n\n\n\n<p>Tambi\u00e9n se encontrar\u00e1n en taquillas del teatro.<\/p>\n\n\n\n<figure class=\"wp-block-image size-large\"><img fetchpriority=\"high\" decoding=\"async\" width=\"720\" height=\"484\" src=\"https:\/\/lavereda.com.mx\/wp-content\/uploads\/2021\/11\/WhatsApp-Image-2021-11-02-at-11.10.08-1.jpeg\" alt=\"\" class=\"wp-image-2661\" srcset=\"https:\/\/lavereda.com.mx\/wp-content\/uploads\/2021\/11\/WhatsApp-Image-2021-11-02-at-11.10.08-1.jpeg 720w, https:\/\/lavereda.com.mx\/wp-content\/uploads\/2021\/11\/WhatsApp-Image-2021-11-02-at-11.10.08-1-300x202.jpeg 300w\" sizes=\"(max-width: 720px) 100vw, 720px\" \/><\/figure>\n","protected":false},"excerpt":{"rendered":"<p>Un tr\u00edo de jazz y una bailaora de flamenco se han unido para crear el espect\u00e1culo \u201cJazzmenco\u201d, que forma parte del Circuito Nacional de Artes Esc\u00e9nicas en Espacios Independientes del &hellip; <a href=\"https:\/\/lavereda.com.mx\/index.php\/2021\/11\/02\/fusionan-las-pasiones-del-flamenco-y-el-jazz\/\" class=\"more-link\">Leer m\u00e1s<\/a><\/p>\n","protected":false},"author":9,"featured_media":2659,"comment_status":"open","ping_status":"open","sticky":false,"template":"","format":"standard","meta":{"footnotes":""},"categories":[2,18],"tags":[],"class_list":["post-2658","post","type-post","status-publish","format-standard","has-post-thumbnail","hentry","category-artes-escenicas","category-lomasrelevante","entry"],"_links":{"self":[{"href":"https:\/\/lavereda.com.mx\/index.php\/wp-json\/wp\/v2\/posts\/2658","targetHints":{"allow":["GET"]}}],"collection":[{"href":"https:\/\/lavereda.com.mx\/index.php\/wp-json\/wp\/v2\/posts"}],"about":[{"href":"https:\/\/lavereda.com.mx\/index.php\/wp-json\/wp\/v2\/types\/post"}],"author":[{"embeddable":true,"href":"https:\/\/lavereda.com.mx\/index.php\/wp-json\/wp\/v2\/users\/9"}],"replies":[{"embeddable":true,"href":"https:\/\/lavereda.com.mx\/index.php\/wp-json\/wp\/v2\/comments?post=2658"}],"version-history":[{"count":2,"href":"https:\/\/lavereda.com.mx\/index.php\/wp-json\/wp\/v2\/posts\/2658\/revisions"}],"predecessor-version":[{"id":2663,"href":"https:\/\/lavereda.com.mx\/index.php\/wp-json\/wp\/v2\/posts\/2658\/revisions\/2663"}],"wp:featuredmedia":[{"embeddable":true,"href":"https:\/\/lavereda.com.mx\/index.php\/wp-json\/wp\/v2\/media\/2659"}],"wp:attachment":[{"href":"https:\/\/lavereda.com.mx\/index.php\/wp-json\/wp\/v2\/media?parent=2658"}],"wp:term":[{"taxonomy":"category","embeddable":true,"href":"https:\/\/lavereda.com.mx\/index.php\/wp-json\/wp\/v2\/categories?post=2658"},{"taxonomy":"post_tag","embeddable":true,"href":"https:\/\/lavereda.com.mx\/index.php\/wp-json\/wp\/v2\/tags?post=2658"}],"curies":[{"name":"wp","href":"https:\/\/api.w.org\/{rel}","templated":true}]}}