{"id":2655,"date":"2021-11-02T01:35:17","date_gmt":"2021-11-02T01:35:17","guid":{"rendered":"http:\/\/lavereda.com.mx\/?p=2655"},"modified":"2021-11-03T02:35:29","modified_gmt":"2021-11-03T02:35:29","slug":"del-7-al-14-de-noviembre-se-presentara-el-8-festival-cultural-universitario-de-la-cieslag","status":"publish","type":"post","link":"https:\/\/lavereda.com.mx\/index.php\/2021\/11\/02\/del-7-al-14-de-noviembre-se-presentara-el-8-festival-cultural-universitario-de-la-cieslag\/","title":{"rendered":"Del 7 al 14 de noviembre se presentar\u00e1 el 8 Festival Cultural Universitario CIESLAG"},"content":{"rendered":"\n<p>El domingo 7 de noviembre arrancara la octava edici\u00f3n del Festival Cultural Cieslag 2021, en el Centro Cultural \u201cBraulio Fern\u00e1ndez Aguirre\u201d de la UAdeC en Ciudad Universitaria y cerrar\u00e1 actividades hasta el 14 de noviembre.<\/p>\n\n\n\n<p>Ser\u00e1 coordinado por el Instituto Superior de Estudios Superiores en Educaci\u00f3n Normal (IESEN), y por la Universidad Aut\u00f3noma de Coahuila Unidad Torre\u00f3n, tanto la inauguraci\u00f3n, como la clausura, m\u00e1s la jornada literaria en la Ibero Torre\u00f3n, tendr\u00e1n p\u00fablico; el resto de los d\u00edas ser\u00e1 en l\u00ednea.<\/p>\n\n\n\n<p>Tras la obligada suspensi\u00f3n de presentaciones reales en los diferentes espacios donde se desarroll\u00f3 durante seis a\u00f1os continuos, en 2020, la experiencia de haberlo llevado a cabo en formato digital permiti\u00f3 programarlo este 2021 en un modelo h\u00edbrido.&nbsp;<\/p>\n\n\n\n<p>Se inform\u00f3 que en esta edici\u00f3n participar\u00e1n 750 estudiantes de 17 universidades p\u00fablicas y privadas, a trav\u00e9s de 50 grupos art\u00edsticos de 17 instituciones. Este nuevo formato podr\u00e1 medir el impacto que tienen las actividades, que ahora podr\u00e1n ser vistas en todo el pa\u00eds y en el mundo, por lo que&nbsp; se estiman llegaran a ser 100 mil personas.<\/p>\n\n\n\n<p>A pesar de la pandemia no han parado las actividades culturales en las instituciones, por lo que se ver\u00e1 en estos d\u00edas su preparaci\u00f3n y profesionalismo.<\/p>\n\n\n\n<p>El p\u00fablico, padres de familia y la sociedad en general podr\u00e1 conocer a trav\u00e9s de las redes sociales de las universidades involucradas y de la misma Cieslag, todas las actividades del VIII Festival Cultural Universitario 2021.<\/p>\n","protected":false},"excerpt":{"rendered":"<p>El domingo 7 de noviembre arrancara la octava edici\u00f3n del Festival Cultural Cieslag 2021, en el Centro Cultural \u201cBraulio Fern\u00e1ndez Aguirre\u201d de la UAdeC en Ciudad Universitaria y cerrar\u00e1 actividades &hellip; <a href=\"https:\/\/lavereda.com.mx\/index.php\/2021\/11\/02\/del-7-al-14-de-noviembre-se-presentara-el-8-festival-cultural-universitario-de-la-cieslag\/\" class=\"more-link\">Leer m\u00e1s<\/a><\/p>\n","protected":false},"author":1,"featured_media":2656,"comment_status":"open","ping_status":"open","sticky":false,"template":"","format":"standard","meta":{"footnotes":""},"categories":[11,3],"tags":[],"class_list":["post-2655","post","type-post","status-publish","format-standard","has-post-thumbnail","hentry","category-agenda","category-artes-visuales","entry"],"_links":{"self":[{"href":"https:\/\/lavereda.com.mx\/index.php\/wp-json\/wp\/v2\/posts\/2655","targetHints":{"allow":["GET"]}}],"collection":[{"href":"https:\/\/lavereda.com.mx\/index.php\/wp-json\/wp\/v2\/posts"}],"about":[{"href":"https:\/\/lavereda.com.mx\/index.php\/wp-json\/wp\/v2\/types\/post"}],"author":[{"embeddable":true,"href":"https:\/\/lavereda.com.mx\/index.php\/wp-json\/wp\/v2\/users\/1"}],"replies":[{"embeddable":true,"href":"https:\/\/lavereda.com.mx\/index.php\/wp-json\/wp\/v2\/comments?post=2655"}],"version-history":[{"count":2,"href":"https:\/\/lavereda.com.mx\/index.php\/wp-json\/wp\/v2\/posts\/2655\/revisions"}],"predecessor-version":[{"id":2665,"href":"https:\/\/lavereda.com.mx\/index.php\/wp-json\/wp\/v2\/posts\/2655\/revisions\/2665"}],"wp:featuredmedia":[{"embeddable":true,"href":"https:\/\/lavereda.com.mx\/index.php\/wp-json\/wp\/v2\/media\/2656"}],"wp:attachment":[{"href":"https:\/\/lavereda.com.mx\/index.php\/wp-json\/wp\/v2\/media?parent=2655"}],"wp:term":[{"taxonomy":"category","embeddable":true,"href":"https:\/\/lavereda.com.mx\/index.php\/wp-json\/wp\/v2\/categories?post=2655"},{"taxonomy":"post_tag","embeddable":true,"href":"https:\/\/lavereda.com.mx\/index.php\/wp-json\/wp\/v2\/tags?post=2655"}],"curies":[{"name":"wp","href":"https:\/\/api.w.org\/{rel}","templated":true}]}}