{"id":2646,"date":"2021-11-01T21:10:12","date_gmt":"2021-11-01T21:10:12","guid":{"rendered":"http:\/\/lavereda.com.mx\/?p=2646"},"modified":"2021-11-01T22:40:46","modified_gmt":"2021-11-01T22:40:46","slug":"se-dedica-ofrenda-a-oliverio-hinojosa-en-su-aniversario-luctuoso","status":"publish","type":"post","link":"https:\/\/lavereda.com.mx\/index.php\/2021\/11\/01\/se-dedica-ofrenda-a-oliverio-hinojosa-en-su-aniversario-luctuoso\/","title":{"rendered":"Se dedica ofrenda a Oliverio Hinojosa en su aniversario luctuoso"},"content":{"rendered":"\n<p>El Teatro Isauro Mart\u00ednez ha inaugurado hoy la ofrenda de d\u00eda de muertos en la Galer\u00eda de Arte Contempor\u00e1neo,  dedicada al artista pl\u00e1stico Oliverio Hinojosa, quien este a\u00f1o celebra su aniversario luctuoso n\u00famero 20.<\/p>\n\n\n\n<p>Adem\u00e1s, se espera hoy en punto de las 19:00 horas, una intervenci\u00f3n esc\u00e9nica por parte de Gustavo Montes y Aar\u00f3n Rivera.<\/p>\n\n\n\n<p>Oliverio Hinojosa nacido en Nueva Rosita, Coahuila, fue un joven autor que perteneci\u00f3 al grupo \u201cSuma\u201d, al lado de artistas importantes como Ricardo Rocha y Gabriel Macotela, muri\u00f3 en el a\u00f1o 2001, a la temprana edad de 48 a\u00f1os, v\u00edctima de un c\u00e1ncer que lo llev\u00f3 a un a\u00f1o de terapias m\u00e9dicas con quimioterapia.<\/p>\n\n\n\n<p>En la Galer\u00eda de arte del Teatro Isauro Mart\u00ednez se cuenta con una sala especial dedicada al maestro Hinojosa la cual es permanente y en la cual est\u00e1 expuesta su obra que son m\u00e1s de 100 trabajos pl\u00e1sticos que dej\u00f3 el ex director del Centro de Experimentaci\u00f3n Pl\u00e1stica del INBA y algunas esculturas, m\u00e1s dos obras de infancia que se conservan del graduado de la Universidad de Puerto Rico y de quien tambi\u00e9n fuera becario del PrattGraphic Center de Nueva York, y poseedor de una maestr\u00eda en Artes Pl\u00e1sticas.<\/p>\n\n\n\n<p>Oliverio Hinojosa, a decir de Ricardo Rocha, su compa\u00f1ero en \u201cSUMA\u201d, fue uno de los profesores, artistas y directivos acad\u00e9micos m\u00e1s queridos por la comunidad art\u00edstica de M\u00e9xico. Gabriel Macotela, artista pl\u00e1stico de Jalisco que radica en el DF, tambi\u00e9n ha comentado sobre la bonhom\u00eda de Hinojosa, con quien convivi\u00f3 como artista durante muchos a\u00f1os.<\/p>\n\n\n\n<p>De la obra de Oliverio Hinojosa, Elizabeth Romero ha escrito \u201cManchas, transparencias, grosores, conviven con la l\u00ednea en un sobrio equilibrio entre informal y figuraci\u00f3n, una de las constantes en la obra de Oliverio, tr\u00e1tese de pintura, dibujo o impresi\u00f3n digital\u201d.<br>Oliverio Hinojosa expuso dentro y fuera de M\u00e9xico, su tema fundamental en sus obras fue el cuerpo humano.<\/p>\n","protected":false},"excerpt":{"rendered":"<p>El Teatro Isauro Mart\u00ednez ha inaugurado hoy la ofrenda de d\u00eda de muertos en la Galer\u00eda de Arte Contempor\u00e1neo, dedicada al artista pl\u00e1stico Oliverio Hinojosa, quien este a\u00f1o celebra su &hellip; <a href=\"https:\/\/lavereda.com.mx\/index.php\/2021\/11\/01\/se-dedica-ofrenda-a-oliverio-hinojosa-en-su-aniversario-luctuoso\/\" class=\"more-link\">Leer m\u00e1s<\/a><\/p>\n","protected":false},"author":1,"featured_media":2647,"comment_status":"open","ping_status":"open","sticky":false,"template":"","format":"standard","meta":{"footnotes":""},"categories":[3,18,8],"tags":[],"class_list":["post-2646","post","type-post","status-publish","format-standard","has-post-thumbnail","hentry","category-artes-visuales","category-lomasrelevante","category-sociedad","entry"],"_links":{"self":[{"href":"https:\/\/lavereda.com.mx\/index.php\/wp-json\/wp\/v2\/posts\/2646","targetHints":{"allow":["GET"]}}],"collection":[{"href":"https:\/\/lavereda.com.mx\/index.php\/wp-json\/wp\/v2\/posts"}],"about":[{"href":"https:\/\/lavereda.com.mx\/index.php\/wp-json\/wp\/v2\/types\/post"}],"author":[{"embeddable":true,"href":"https:\/\/lavereda.com.mx\/index.php\/wp-json\/wp\/v2\/users\/1"}],"replies":[{"embeddable":true,"href":"https:\/\/lavereda.com.mx\/index.php\/wp-json\/wp\/v2\/comments?post=2646"}],"version-history":[{"count":2,"href":"https:\/\/lavereda.com.mx\/index.php\/wp-json\/wp\/v2\/posts\/2646\/revisions"}],"predecessor-version":[{"id":2654,"href":"https:\/\/lavereda.com.mx\/index.php\/wp-json\/wp\/v2\/posts\/2646\/revisions\/2654"}],"wp:featuredmedia":[{"embeddable":true,"href":"https:\/\/lavereda.com.mx\/index.php\/wp-json\/wp\/v2\/media\/2647"}],"wp:attachment":[{"href":"https:\/\/lavereda.com.mx\/index.php\/wp-json\/wp\/v2\/media?parent=2646"}],"wp:term":[{"taxonomy":"category","embeddable":true,"href":"https:\/\/lavereda.com.mx\/index.php\/wp-json\/wp\/v2\/categories?post=2646"},{"taxonomy":"post_tag","embeddable":true,"href":"https:\/\/lavereda.com.mx\/index.php\/wp-json\/wp\/v2\/tags?post=2646"}],"curies":[{"name":"wp","href":"https:\/\/api.w.org\/{rel}","templated":true}]}}