{"id":2640,"date":"2021-11-01T16:24:58","date_gmt":"2021-11-01T16:24:58","guid":{"rendered":"http:\/\/lavereda.com.mx\/?p=2640"},"modified":"2021-11-01T17:37:55","modified_gmt":"2021-11-01T17:37:55","slug":"la-catrina","status":"publish","type":"post","link":"https:\/\/lavereda.com.mx\/index.php\/2021\/11\/01\/la-catrina\/","title":{"rendered":"\u00bfQui\u00e9n es la catrina?"},"content":{"rendered":"\n<p><strong>Un poco del contexto de la historia de la catrina, una de las figuras representativas para estos d\u00edas de los muertos.<\/strong><\/p>\n\n\n\n<p>Todo comienza con Jos\u00e9 Guadalupe Posada, quien le dio vida a trav\u00e9s de la imagen a su m\u00e1s famoso personaje \u201cLa Catrina\u201d.<\/p>\n\n\n\n<p>\u00c9l dec\u00eda:<\/p>\n\n\n\n<blockquote class=\"wp-block-quote is-layout-flow wp-block-quote-is-layout-flow\"><p>\u201cLa muerte es democr\u00e1tica, ya que, a fin de cuentas, g\u00fcera, morena, rica o pobre, toda la gente acaba siendo calavera\u201d<\/p><cite>Guadalupe Posada<\/cite><\/blockquote>\n\n\n\n<p>Las leyendas sobre el origen de la Catrina, comienzan desde la figura azteca Mictecacihuatl, la diosa de la muerte. En esta leyenda espec\u00edficamente la diosa azteca de la muerte se qued\u00f3 con los huesos de los muertos, ya que en alg\u00fan momento podr\u00edan usarse. La diosa los guard\u00f3 para que, si fueran necesarios, pudieran utilizarse.<\/p>\n\n\n\n<p>Sin duda es un personaje que lleg\u00f3 para quedarse, especialmente el d\u00eda de muertos, que es uno de los d\u00edas mas representativos de la cultura mexicana, donde se cree que a los muertos se les da permiso para visitar a sus seres queridos.<\/p>\n\n\n\n<p>La Catrina como s\u00edmbolo popular de la muerte, fue bautizada como tal por el muralista Diego Rivera (1886-1957), pero no fue el primero en incluirla en sus obras, pues Jos\u00e9 Guadalupe Posada (1852-1913) fue el precursor de dicha representaci\u00f3n<\/p>\n\n\n\n<p>La Catrina inicialmente era conocida como \u201cLa Calavera Garbancera\u201d, por el t\u00edtulo que le dio Posada al grabado en el que se representa a una mujer con atuendo muy fino, y dibujos por los cuales se les hac\u00eda burla a las clases m\u00e1s privilegiadas de M\u00e9xico.<\/p>\n\n\n\n<p>Sobre Posada, el era un cr\u00edtico social y en sus obras el artista retrataba la injusticia que exist\u00eda en el Porfiriato, \u00e9poca en la que el presidente Porfirio D\u00edaz estuvo hasta tres d\u00e9cadas en el mismo puesto antes de que se diera la revoluci\u00f3n mexicana.<\/p>\n\n\n\n<p>Ahora sabemos que a trav\u00e9s del tiempo, la figura de La Catrina perdur\u00f3 como s\u00edmbolo de protesta y desde entonces se agrega a las fiestas de D\u00eda de Muertos en altares mientras muchos se visten de catrinas y catrines.<br><\/p>\n\n\n\n<p>Fuente: La times&nbsp;<\/p>\n","protected":false},"excerpt":{"rendered":"<p>Un poco del contexto de la historia de la catrina, una de las figuras representativas para estos d\u00edas de los muertos. Todo comienza con Jos\u00e9 Guadalupe Posada, quien le dio &hellip; <a href=\"https:\/\/lavereda.com.mx\/index.php\/2021\/11\/01\/la-catrina\/\" class=\"more-link\">Leer m\u00e1s<\/a><\/p>\n","protected":false},"author":14,"featured_media":2641,"comment_status":"open","ping_status":"open","sticky":false,"template":"","format":"standard","meta":{"footnotes":""},"categories":[3,18,8],"tags":[],"class_list":["post-2640","post","type-post","status-publish","format-standard","has-post-thumbnail","hentry","category-artes-visuales","category-lomasrelevante","category-sociedad","entry"],"_links":{"self":[{"href":"https:\/\/lavereda.com.mx\/index.php\/wp-json\/wp\/v2\/posts\/2640","targetHints":{"allow":["GET"]}}],"collection":[{"href":"https:\/\/lavereda.com.mx\/index.php\/wp-json\/wp\/v2\/posts"}],"about":[{"href":"https:\/\/lavereda.com.mx\/index.php\/wp-json\/wp\/v2\/types\/post"}],"author":[{"embeddable":true,"href":"https:\/\/lavereda.com.mx\/index.php\/wp-json\/wp\/v2\/users\/14"}],"replies":[{"embeddable":true,"href":"https:\/\/lavereda.com.mx\/index.php\/wp-json\/wp\/v2\/comments?post=2640"}],"version-history":[{"count":4,"href":"https:\/\/lavereda.com.mx\/index.php\/wp-json\/wp\/v2\/posts\/2640\/revisions"}],"predecessor-version":[{"id":2645,"href":"https:\/\/lavereda.com.mx\/index.php\/wp-json\/wp\/v2\/posts\/2640\/revisions\/2645"}],"wp:featuredmedia":[{"embeddable":true,"href":"https:\/\/lavereda.com.mx\/index.php\/wp-json\/wp\/v2\/media\/2641"}],"wp:attachment":[{"href":"https:\/\/lavereda.com.mx\/index.php\/wp-json\/wp\/v2\/media?parent=2640"}],"wp:term":[{"taxonomy":"category","embeddable":true,"href":"https:\/\/lavereda.com.mx\/index.php\/wp-json\/wp\/v2\/categories?post=2640"},{"taxonomy":"post_tag","embeddable":true,"href":"https:\/\/lavereda.com.mx\/index.php\/wp-json\/wp\/v2\/tags?post=2640"}],"curies":[{"name":"wp","href":"https:\/\/api.w.org\/{rel}","templated":true}]}}