{"id":2635,"date":"2021-10-31T02:40:14","date_gmt":"2021-10-31T02:40:14","guid":{"rendered":"http:\/\/lavereda.com.mx\/?p=2635"},"modified":"2021-10-31T02:40:16","modified_gmt":"2021-10-31T02:40:16","slug":"prisioneros","status":"publish","type":"post","link":"https:\/\/lavereda.com.mx\/index.php\/2021\/10\/31\/prisioneros\/","title":{"rendered":"Prisioneros"},"content":{"rendered":"\n<p><strong>Prisoners, 2013<\/strong><\/p>\n\n\n\n<p>Amazon Prime Video<\/p>\n\n\n\n<p>Hugh Jackman es un padre de familia que un mal d\u00eda pierde a su hija. Una amiguita de ella tambi\u00e9n est\u00e1 desaparecida. Se han ido en circunstancias extra\u00f1as, lo que hace suponer un secuestro. El polic\u00eda Jake Gyllenhaal, que se hace cargo del caso, hace sus propias pesquisas, pero no avanza. Entonces el pap\u00e1 se pregunta hasta donde est\u00e1 dispuesto a llegar para recuperarlas.<\/p>\n\n\n\n<p>Como es la costumbre, el maestro Denis Villeneuve hace un trabajo excelso detr\u00e1s de la c\u00e1mara. Aunque no hace ciencia ficci\u00f3n, como la ahora c\u00e9lebre Duna, en este thriller suburbano de corte adulto, muestra un retrato desgarrador de la desesperaci\u00f3n.<\/p>\n\n\n\n<p>La \u00fanica pista que puede seguir sobre la desaparici\u00f3n de su hija es una camioneta que estaba cerca de la escuela, y que maneja un hombre joven y alienado, Paul Dano, siempre en excelente forma. Este tipo que parece despreciable da indicios de conocer la soluci\u00f3n del misterio, aunque el polic\u00eda no toma en cuenta las sospechas del padre quien, en su desesperaci\u00f3n, toma el asunto en sus manos y emprende medidas radicales para extraerle la verdad.<\/p>\n\n\n\n<p>Prisioneros en una cinta de tem\u00e1tica asombrosa, sobre la materializaci\u00f3n de la peor pesadilla de un padre.<\/p>\n\n\n\n<p>Excelente.<\/p>\n\n\n\n<p>(R. Restringido; menores de 17 deben estar acompa\u00f1ados de sus padres)<\/p>\n\n\n\n<p>Twitter @LucianoCamposG<\/p>\n","protected":false},"excerpt":{"rendered":"<p>Prisoners, 2013 Amazon Prime Video Hugh Jackman es un padre de familia que un mal d\u00eda pierde a su hija. Una amiguita de ella tambi\u00e9n est\u00e1 desaparecida. Se han ido &hellip; <a href=\"https:\/\/lavereda.com.mx\/index.php\/2021\/10\/31\/prisioneros\/\" class=\"more-link\">Leer m\u00e1s<\/a><\/p>\n","protected":false},"author":3,"featured_media":2638,"comment_status":"open","ping_status":"open","sticky":false,"template":"","format":"standard","meta":{"footnotes":""},"categories":[6],"tags":[],"class_list":["post-2635","post","type-post","status-publish","format-standard","has-post-thumbnail","hentry","category-cinetv","entry"],"_links":{"self":[{"href":"https:\/\/lavereda.com.mx\/index.php\/wp-json\/wp\/v2\/posts\/2635","targetHints":{"allow":["GET"]}}],"collection":[{"href":"https:\/\/lavereda.com.mx\/index.php\/wp-json\/wp\/v2\/posts"}],"about":[{"href":"https:\/\/lavereda.com.mx\/index.php\/wp-json\/wp\/v2\/types\/post"}],"author":[{"embeddable":true,"href":"https:\/\/lavereda.com.mx\/index.php\/wp-json\/wp\/v2\/users\/3"}],"replies":[{"embeddable":true,"href":"https:\/\/lavereda.com.mx\/index.php\/wp-json\/wp\/v2\/comments?post=2635"}],"version-history":[{"count":1,"href":"https:\/\/lavereda.com.mx\/index.php\/wp-json\/wp\/v2\/posts\/2635\/revisions"}],"predecessor-version":[{"id":2637,"href":"https:\/\/lavereda.com.mx\/index.php\/wp-json\/wp\/v2\/posts\/2635\/revisions\/2637"}],"wp:featuredmedia":[{"embeddable":true,"href":"https:\/\/lavereda.com.mx\/index.php\/wp-json\/wp\/v2\/media\/2638"}],"wp:attachment":[{"href":"https:\/\/lavereda.com.mx\/index.php\/wp-json\/wp\/v2\/media?parent=2635"}],"wp:term":[{"taxonomy":"category","embeddable":true,"href":"https:\/\/lavereda.com.mx\/index.php\/wp-json\/wp\/v2\/categories?post=2635"},{"taxonomy":"post_tag","embeddable":true,"href":"https:\/\/lavereda.com.mx\/index.php\/wp-json\/wp\/v2\/tags?post=2635"}],"curies":[{"name":"wp","href":"https:\/\/api.w.org\/{rel}","templated":true}]}}