{"id":2628,"date":"2021-10-28T22:37:05","date_gmt":"2021-10-28T22:37:05","guid":{"rendered":"http:\/\/lavereda.com.mx\/?p=2628"},"modified":"2021-10-28T22:39:27","modified_gmt":"2021-10-28T22:39:27","slug":"escenifican-una-entranable-historia-bajo-las-noches-de-octubre","status":"publish","type":"post","link":"https:\/\/lavereda.com.mx\/index.php\/2021\/10\/28\/escenifican-una-entranable-historia-bajo-las-noches-de-octubre\/","title":{"rendered":"Escenifican una entra\u00f1able historia, bajo las noches de octubre"},"content":{"rendered":"\n<p>Dos mujeres que hablan de sus sue\u00f1os, del tiempo que imagina vivir lejos de aqu\u00ed, de su renuncia al tedio y a las cosas llanas de la vida, as\u00ed transcurre la historia de \u201cClara en la estaci\u00f3n\u201d escenificada en el patio de la Casa Mud\u00e9jar de Torre\u00f3n, bajo el cobijo de las noches de octubre.<\/p>\n\n\n\n<p>La corta temporada de esta entra\u00f1able obra termina el viernes 29 de octubre a las 21:00 horas en este centro cultural, que se ha convertido, adem\u00e1s de ser sede de eventos culturales y literarios, en un espacio para veladas teatrales al aire libre.<\/p>\n\n\n\n<p>La producci\u00f3n es de la compa\u00f1\u00eda Lola Mar, la direcci\u00f3n de Enrique Esquivel y las dos atinadas actuaciones est\u00e1n a cargo de: Estefan\u00eda Marrufo y More Barret, quienes personifican a Clara, en distintos momentos de su vida, con un maravilloso texto adaptaci\u00f3n de la obra \u201cLa se\u00f1ora en su balc\u00f3n\u201d de Elena Garro.<\/p>\n\n\n\n<p>No podr\u00eda ser de otra manera, la dramaturgia de Elena Garro tiene un papel clave en la literatura mexicana. Su texto es de una belleza singular, pues retrata esa capacidad de imaginaci\u00f3n y de no rendirse ante su realidad, encerrada y aburrida, de cualquier persona, pero en especial de las mujeres. Y lo hace con dosis de poes\u00eda.<\/p>\n\n\n\n<p>Poco despu\u00e9s de las nueve de la noche, la iluminaci\u00f3n y sonidos nos sit\u00faan en una estaci\u00f3n de trenes, ah\u00ed parece Clara mayor, llena de recuerdos y despu\u00e9s Clara de ni\u00f1a, asombrada por las clases que un profesor le brinda v\u00eda zoom, y que le hablan de lugares inimaginables en el mundo.<\/p>\n\n\n\n<p>En el transcurso de casi 50 minutos, la historia de estas dos mujeres se entrecruza en una sola: la de Clara, quien por distintos momentos busca escapar del hast\u00edo y aburrimiento que le comparten los hombres de su vida: un profesor, un novio y despu\u00e9s su esposo. Sin embargo, ella busca viajar no s\u00f3lo f\u00edsicamente, sino en su propia mente, llegar hasta el lugar donde pueda encontrar el sentido de la vida.<\/p>\n\n\n\n<blockquote class=\"wp-block-quote is-layout-flow wp-block-quote-is-layout-flow\"><p>Con una sencilla producci\u00f3n, que toma los elementos de esta casa antigua: una fuente central, muros con arcos y la iluminaci\u00f3n nocturna; este montaje demuestra que se puede hacer teatro con pocos recursos materiales, pero con un discurso y una historia bien representada, que anima a re descubrir a Elena Garro.<\/p><\/blockquote>\n\n\n\n<p>Una muy buena experiencia al espectador representa esta obra, que se suma a la reactivaci\u00f3n del teatro en la Laguna y que, junto a otras producciones, promete una buena temporada de arte teatral en la regi\u00f3n. Pues ya era justo y necesario volver a los escenarios: tanto para las y los teatristas, como para el p\u00fablico.<\/p>\n","protected":false},"excerpt":{"rendered":"<p>Dos mujeres que hablan de sus sue\u00f1os, del tiempo que imagina vivir lejos de aqu\u00ed, de su renuncia al tedio y a las cosas llanas de la vida, as\u00ed transcurre &hellip; <a href=\"https:\/\/lavereda.com.mx\/index.php\/2021\/10\/28\/escenifican-una-entranable-historia-bajo-las-noches-de-octubre\/\" class=\"more-link\">Leer m\u00e1s<\/a><\/p>\n","protected":false},"author":9,"featured_media":2629,"comment_status":"open","ping_status":"open","sticky":false,"template":"","format":"standard","meta":{"footnotes":""},"categories":[2,18],"tags":[],"class_list":["post-2628","post","type-post","status-publish","format-standard","has-post-thumbnail","hentry","category-artes-escenicas","category-lomasrelevante","entry"],"_links":{"self":[{"href":"https:\/\/lavereda.com.mx\/index.php\/wp-json\/wp\/v2\/posts\/2628","targetHints":{"allow":["GET"]}}],"collection":[{"href":"https:\/\/lavereda.com.mx\/index.php\/wp-json\/wp\/v2\/posts"}],"about":[{"href":"https:\/\/lavereda.com.mx\/index.php\/wp-json\/wp\/v2\/types\/post"}],"author":[{"embeddable":true,"href":"https:\/\/lavereda.com.mx\/index.php\/wp-json\/wp\/v2\/users\/9"}],"replies":[{"embeddable":true,"href":"https:\/\/lavereda.com.mx\/index.php\/wp-json\/wp\/v2\/comments?post=2628"}],"version-history":[{"count":2,"href":"https:\/\/lavereda.com.mx\/index.php\/wp-json\/wp\/v2\/posts\/2628\/revisions"}],"predecessor-version":[{"id":2631,"href":"https:\/\/lavereda.com.mx\/index.php\/wp-json\/wp\/v2\/posts\/2628\/revisions\/2631"}],"wp:featuredmedia":[{"embeddable":true,"href":"https:\/\/lavereda.com.mx\/index.php\/wp-json\/wp\/v2\/media\/2629"}],"wp:attachment":[{"href":"https:\/\/lavereda.com.mx\/index.php\/wp-json\/wp\/v2\/media?parent=2628"}],"wp:term":[{"taxonomy":"category","embeddable":true,"href":"https:\/\/lavereda.com.mx\/index.php\/wp-json\/wp\/v2\/categories?post=2628"},{"taxonomy":"post_tag","embeddable":true,"href":"https:\/\/lavereda.com.mx\/index.php\/wp-json\/wp\/v2\/tags?post=2628"}],"curies":[{"name":"wp","href":"https:\/\/api.w.org\/{rel}","templated":true}]}}