{"id":2622,"date":"2021-10-27T23:06:01","date_gmt":"2021-10-27T23:06:01","guid":{"rendered":"http:\/\/lavereda.com.mx\/?p=2622"},"modified":"2021-10-28T05:39:05","modified_gmt":"2021-10-28T05:39:05","slug":"continua-el-festival-de-jazz-en-el-teatro-isauro-martinez","status":"publish","type":"post","link":"https:\/\/lavereda.com.mx\/index.php\/2021\/10\/27\/continua-el-festival-de-jazz-en-el-teatro-isauro-martinez\/","title":{"rendered":"Contin\u00faa el festival de Jazz en el Teatro Isauro Mart\u00ednez"},"content":{"rendered":"\n<p>En esta ocasi\u00f3n se tendr\u00e1 la participaci\u00f3n de The Jazz Collective, artistas locales, con experiencia nacional e internacional. La cita es este el jueves 28 de octubre, a las 20:30 hrs, donde se tendr\u00e1 una presentaci\u00f3n vanguardista en el escenario donde se mezcla el Jazz con otros g\u00e9neros, como el Pop, Trap, Funk, R&amp;B, Soul, entre otros.<\/p>\n\n\n\n<p><br>La mezcla con otros g\u00e9neros (pop, trap, latin, soul, rock, house, etc.) y ritmos, brinda paisajes sonoros y emociones vibrantes que hacen vivir al m\u00e1ximo el tiempo presente, con nostalgia o con esperanza. Cada canci\u00f3n interpretada es una pieza \u00fanica, irrepetible, en constante cambio y movimiento.<\/p>\n\n\n\n<p><br>Bajo esta premisa nace THE JAZZ COLLECTIVE (TJC), un ensamble de jazz con m\u00fasicos de casa, cuyo talento los ha llevado a traspasar fronteras y que han vuelto para traer sus influencias y vivencias musicales a la Comarca Lagunera. Esa misma esencia que ha hecho de la nuestra, una regi\u00f3n diversa y multi cultural, se imprime en el escenario para traer una propuesta nueva y llena de matices.<\/p>\n\n\n\n<p><br>Algunos maestros como Juan Barrios y V\u00edctor Cruz estar\u00e1n presentes, as\u00ed como talento joven y constante como Shalom, Josafat, Daniel y Jacob, THE JAZZ COLLECTIVE nos invita a ser parte de una atm\u00f3sfera relajada y vanguardista.<\/p>\n\n\n\n<p><br>La agrupaci\u00f3n est\u00e1 conformada por Josafat Gallegos en la Bater\u00eda, Octapad Shalom Gallegos en Teclados, Jacob Espino en Trompeta, V\u00edctor Cruz en Guitarra, Juan Barrios en Saxof\u00f3n Daniel Franco en Bajo.<\/p>\n\n\n\n<p><br>El festival que comenz\u00f3 hace unas semanas finalizar\u00e1 este pr\u00f3ximo jueves 4 de noviembre con la participaci\u00f3n de BIG BAND JAZZ COAHUILA. <\/p>\n\n\n\n<p>El Teatro Isauro Mart\u00ednez apuesta por conciertos seguros, con todas las precauciones recomendadas contra Covid-19, con un aforo m\u00e1ximo del 70% de su capacidad total. Con este evento, el Teatro Isauro Mart\u00ednez se posiciona como el recinto predilecto para los amantes del Jazz en la regi\u00f3n y abre el escenario de este hist\u00f3rico y bello recinto a los artistas laguneros, algunos viviendo de manera permanente y otros de manera temporal en la regi\u00f3n, para reunirse y brindar lo mejor de la m\u00fasica al p\u00fablico lagunero, en plena libertad creativa.<\/p>\n\n\n\n<p>La venta de boletos se realizar\u00e1 principalmente en las taquillas del Teatro Isauro Mart\u00ednez<\/p>\n\n\n\n<p>Como parte fundamental de este evento durante las semanas previas y las semanas del festival, se estar\u00e1 realizando el podcast oficial del mismo. En el cual se estar\u00e1 entrevistando a los artistas locales que participan en este evento, para dar a conocer su trayectoria, logros y tambi\u00e9n, las dificultades que han pasado en este camino de creatividad.<\/p>\n\n\n\n<p>El festival ruega al p\u00fablico asistente adelantar en lo posible su llegada al recinto ya que, debido al protocolo de seguridad, el acceso llevar\u00e1 m\u00e1s tiempo.<\/p>\n\n\n\n<p>Para m\u00e1s informaci\u00f3n visita las redes sociales del Teatro Isauro Martinez y del Festival<\/p>\n\n\n\n<p>Facebook: @teatroisauromartinez.mx<br>Lourdes Bernal. Centro. Torre\u00f3n, Coahuila.<br>Correo: teatroisauromartinez@yahoo.com.mx<br>Facebook oficial del festival @fjazzTIM.<\/p>\n","protected":false},"excerpt":{"rendered":"<p>En esta ocasi\u00f3n se tendr\u00e1 la participaci\u00f3n de The Jazz Collective, artistas locales, con experiencia nacional e internacional. La cita es este el jueves 28 de octubre, a las 20:30 &hellip; <a href=\"https:\/\/lavereda.com.mx\/index.php\/2021\/10\/27\/continua-el-festival-de-jazz-en-el-teatro-isauro-martinez\/\" class=\"more-link\">Leer m\u00e1s<\/a><\/p>\n","protected":false},"author":1,"featured_media":2623,"comment_status":"open","ping_status":"open","sticky":false,"template":"","format":"standard","meta":{"footnotes":""},"categories":[18,4],"tags":[],"class_list":["post-2622","post","type-post","status-publish","format-standard","has-post-thumbnail","hentry","category-lomasrelevante","category-musica","entry"],"_links":{"self":[{"href":"https:\/\/lavereda.com.mx\/index.php\/wp-json\/wp\/v2\/posts\/2622","targetHints":{"allow":["GET"]}}],"collection":[{"href":"https:\/\/lavereda.com.mx\/index.php\/wp-json\/wp\/v2\/posts"}],"about":[{"href":"https:\/\/lavereda.com.mx\/index.php\/wp-json\/wp\/v2\/types\/post"}],"author":[{"embeddable":true,"href":"https:\/\/lavereda.com.mx\/index.php\/wp-json\/wp\/v2\/users\/1"}],"replies":[{"embeddable":true,"href":"https:\/\/lavereda.com.mx\/index.php\/wp-json\/wp\/v2\/comments?post=2622"}],"version-history":[{"count":3,"href":"https:\/\/lavereda.com.mx\/index.php\/wp-json\/wp\/v2\/posts\/2622\/revisions"}],"predecessor-version":[{"id":2627,"href":"https:\/\/lavereda.com.mx\/index.php\/wp-json\/wp\/v2\/posts\/2622\/revisions\/2627"}],"wp:featuredmedia":[{"embeddable":true,"href":"https:\/\/lavereda.com.mx\/index.php\/wp-json\/wp\/v2\/media\/2623"}],"wp:attachment":[{"href":"https:\/\/lavereda.com.mx\/index.php\/wp-json\/wp\/v2\/media?parent=2622"}],"wp:term":[{"taxonomy":"category","embeddable":true,"href":"https:\/\/lavereda.com.mx\/index.php\/wp-json\/wp\/v2\/categories?post=2622"},{"taxonomy":"post_tag","embeddable":true,"href":"https:\/\/lavereda.com.mx\/index.php\/wp-json\/wp\/v2\/tags?post=2622"}],"curies":[{"name":"wp","href":"https:\/\/api.w.org\/{rel}","templated":true}]}}