{"id":2602,"date":"2021-10-27T01:14:17","date_gmt":"2021-10-27T01:14:17","guid":{"rendered":"http:\/\/lavereda.com.mx\/?p=2602"},"modified":"2021-10-27T18:06:27","modified_gmt":"2021-10-27T18:06:27","slug":"a-pocos-dias-de-iniciar-la-gira-ambulante-2021","status":"publish","type":"post","link":"https:\/\/lavereda.com.mx\/index.php\/2021\/10\/27\/a-pocos-dias-de-iniciar-la-gira-ambulante-2021\/","title":{"rendered":"A pocos d\u00edas de iniciar la gira Ambulante 2021"},"content":{"rendered":"\n<p>Ambulante Gira de Documentales viajar\u00e1 a cinco estados entre el 3 de noviembre y el 5 de diciembre de 2021 y cerrar\u00e1 con un programa digital del 6 al 15 de diciembre, disponible en todo M\u00e9xico. Se contar\u00e1 con t\u00edtulos de Georgia, Suiza, Brasil, Alemania, Portugal, Francia, B\u00e9lgica, Estados Unidos, Argentina y Reino Unido para la d\u00e9cimosexta edici\u00f3n.<\/p>\n\n\n\n<p>Las pel\u00edculas pertenecientes a Intersecciones, son parte de la programaci\u00f3n dedicada al documental contempor\u00e1neo internacional y a Sonidero, secci\u00f3n dedicada a la escena musical. Las cuales podr\u00e1n verse en salas a lo largo de la Gira o en l\u00ednea del 6 al 15 de diciembre, junto con otros t\u00edtulos de la programaci\u00f3n.<\/p>\n\n\n\n<p>Desde el despojo generado por un primer ministro georgiano que so\u00f1\u00f3 con un jard\u00edn privado de \u00e1rboles ancestrales, hasta el viaje glorioso de las jugadoras de voleibol m\u00e1s famosas de la historia en Jap\u00f3n, la programaci\u00f3n de Intersecciones nos traslada m\u00e1s all\u00e1 de las fronteras.<\/p>\n\n\n\n<blockquote class=\"wp-block-quote is-layout-flow wp-block-quote-is-layout-flow\"><p>\u201cEsta selecci\u00f3n incorpora la vital diversidad de la creaci\u00f3n contempor\u00e1nea: del ensayo f\u00edlmico al cine h\u00edbrido; del empleo creativo de archivos al documental observacional; del testimonio de denuncia, a un tiempo po\u00e9tico y pol\u00edtico, al \u00edntimo y familiar\u201d.<\/p><cite>Comit\u00e9 de programaci\u00f3n <\/cite><\/blockquote>\n\n\n\n<p>Parte de la programaci\u00f3n est\u00e1 conformada por los siguientes t\u00edtulos<\/p>\n\n\n\n<p>Domesticando el jard\u00edn \/ Taming the Garden | Dir. Salom\u00e9 Jashi | Suiza, Alemania, Georgia | 2021<\/p>\n\n\n\n<p>Edna | Dir. Eryk Rocha | Brasil | 2021<\/p>\n\n\n\n<p>Las brujas del oriente \/ Les Sorci\u00e8res de l&#8217;Orient | Dir. Julien Faraut | Francia | 2021<\/p>\n\n\n\n<p>Toda luz, en todas partes \/ All Light, Everywhere | Dir. Theo Anthony | Estados Unidos | 2021<\/p>\n\n\n\n<p>La metamorfosis de los p\u00e1jaros \/ A Metamorfose dos P\u00e1ssaros | Dir. Catarina Vasconcelos | Portugal | 2020<\/p>\n\n\n\n<p>Peque\u00f1o Samedi \/ Petit Samedi | Dir. Paloma Sermon-Da\u00ef | B\u00e9lgica | 2020<\/p>\n\n\n\n<p>Adem\u00e1s, se suman dos t\u00edtulos de Sonidero, una de las secciones m\u00e1s populares de la Gira, con pel\u00edculas que nos revelan otro lado de los documentales musicales, aquellos que son contados y protagonizados por mujeres visionarias que reclaman su lugar en el escenario y en el relato cinematogr\u00e1fico.<\/p>\n\n\n\n<p>\u201cSon historias de m\u00fasica revolucionaria que rompen el silencio\u201d, explica el Comit\u00e9 de Programaci\u00f3n. \u201cAmbas pel\u00edculas se proponen como una respuesta ante el predominio del imaginario del rockstar masculino en la cultura\u201d.<\/p>\n\n\n\n<p>Hermanas con transistores \/ Sisters with transistors | Dir. Lisa Rovner | Reino Unido | 2020<\/p>\n\n\n\n<p>Una banda de chicas&nbsp; | Dir. Marilina Gim\u00e9nez | Argentina | 2018<\/p>\n\n\n\n<p>Luego del \u00e9xito de Ambulante en Casa, una de las primeras iniciativas de festivales en l\u00ednea al inicio de la pandemia, Ambulante propone esta Gira h\u00edbrida que recorrer\u00e1 cinco estados de la rep\u00fablica y que cerrar\u00e1 con un programa en l\u00ednea, disponible para usuarios y usuarias en toda la rep\u00fablica mexicana. Los t\u00edtulos estar\u00e1n disponibles a partir de las 18:00 hrs. por 24 horas, a trav\u00e9s de&nbsp;<a href=\"http:\/\/www.ambulante.org\/\" target=\"_blank\" rel=\"noreferrer noopener\">www.ambulante.org<\/a>.<\/p>\n","protected":false},"excerpt":{"rendered":"<p>Ambulante Gira de Documentales viajar\u00e1 a cinco estados entre el 3 de noviembre y el 5 de diciembre de 2021 y cerrar\u00e1 con un programa digital del 6 al 15 &hellip; <a href=\"https:\/\/lavereda.com.mx\/index.php\/2021\/10\/27\/a-pocos-dias-de-iniciar-la-gira-ambulante-2021\/\" class=\"more-link\">Leer m\u00e1s<\/a><\/p>\n","protected":false},"author":1,"featured_media":2603,"comment_status":"open","ping_status":"open","sticky":false,"template":"","format":"standard","meta":{"footnotes":""},"categories":[3,7,18],"tags":[],"class_list":["post-2602","post","type-post","status-publish","format-standard","has-post-thumbnail","hentry","category-artes-visuales","category-entretenimiento","category-lomasrelevante","entry"],"_links":{"self":[{"href":"https:\/\/lavereda.com.mx\/index.php\/wp-json\/wp\/v2\/posts\/2602","targetHints":{"allow":["GET"]}}],"collection":[{"href":"https:\/\/lavereda.com.mx\/index.php\/wp-json\/wp\/v2\/posts"}],"about":[{"href":"https:\/\/lavereda.com.mx\/index.php\/wp-json\/wp\/v2\/types\/post"}],"author":[{"embeddable":true,"href":"https:\/\/lavereda.com.mx\/index.php\/wp-json\/wp\/v2\/users\/1"}],"replies":[{"embeddable":true,"href":"https:\/\/lavereda.com.mx\/index.php\/wp-json\/wp\/v2\/comments?post=2602"}],"version-history":[{"count":4,"href":"https:\/\/lavereda.com.mx\/index.php\/wp-json\/wp\/v2\/posts\/2602\/revisions"}],"predecessor-version":[{"id":2620,"href":"https:\/\/lavereda.com.mx\/index.php\/wp-json\/wp\/v2\/posts\/2602\/revisions\/2620"}],"wp:featuredmedia":[{"embeddable":true,"href":"https:\/\/lavereda.com.mx\/index.php\/wp-json\/wp\/v2\/media\/2603"}],"wp:attachment":[{"href":"https:\/\/lavereda.com.mx\/index.php\/wp-json\/wp\/v2\/media?parent=2602"}],"wp:term":[{"taxonomy":"category","embeddable":true,"href":"https:\/\/lavereda.com.mx\/index.php\/wp-json\/wp\/v2\/categories?post=2602"},{"taxonomy":"post_tag","embeddable":true,"href":"https:\/\/lavereda.com.mx\/index.php\/wp-json\/wp\/v2\/tags?post=2602"}],"curies":[{"name":"wp","href":"https:\/\/api.w.org\/{rel}","templated":true}]}}