{"id":2586,"date":"2021-10-23T17:05:42","date_gmt":"2021-10-23T17:05:42","guid":{"rendered":"http:\/\/lavereda.com.mx\/?p=2586"},"modified":"2021-10-24T16:31:25","modified_gmt":"2021-10-24T16:31:25","slug":"reciben-con-carino-a-mijares-en-coliseo-centenario","status":"publish","type":"post","link":"https:\/\/lavereda.com.mx\/index.php\/2021\/10\/23\/reciben-con-carino-a-mijares-en-coliseo-centenario\/","title":{"rendered":"Reciben con cari\u00f1o a Mijares en Coliseo Centenario"},"content":{"rendered":"\n<p>Despu\u00e9s de un a\u00f1o sin presentarse en La Comarca Lagunera, volvi\u00f3 Manuel Mijares para deleitar a sus fans con una maravillosa velada. Entre algunas canciones agradeci\u00f3 el apoyo y declar\u00f3 que fue un placer presentarse nuevamente en este concierto presencial.<\/p>\n\n\n\n<p>Las puertas del Coliseo empezaron a abrirse desde las 19 horas para recibir a los fans y evitar as\u00ed que se hicieran aglomeraciones por el tema del Covid, tomando estrictamente todas las medidas sanitarias, y cerca de las 21:50 lleg\u00f3 al escenario Manuel Mijares con un saco negro y una voz que enamora a cualquier mujer.<\/p>\n\n\n\n<p>Despu\u00e9s de las primeras tres canciones, el publico se emocion\u00f3 y estaban ansiosos por escuchar temas como \u00abSoldado del amor\u00bb y \u00abEl privilegio de amar\u00bb, pero sin duda algo que no se esperaba y que sorprendi\u00f3, fue contar con la participaci\u00f3n de Ricardo Arjona en un dueto de manera virtual.<\/p>\n\n\n\n<div class=\"wp-block-image\"><figure class=\"aligncenter size-large is-resized\"><img fetchpriority=\"high\" decoding=\"async\" src=\"https:\/\/lavereda.com.mx\/wp-content\/uploads\/2021\/10\/MG_9561-1024x892.jpg\" alt=\"\" class=\"wp-image-2587\" width=\"285\" height=\"248\"\/><\/figure><\/div>\n\n\n\n<p>Entre algunos gritos que se escucharon por parte de las y los fans \u00abte amo Mijares\u00bb \u00aberes el mejor\u00bb \u00abme encantas\u00bb y como era de esperarse le llevaron algunos regalos, y ramos de rosas para demostrar el cari\u00f1o, el amor y aprecio que le tienen las y los laguneros.<\/p>\n\n\n\n<p>Mijares sin duda es un magn\u00edfico artista, con una voz impresionante, imponente y una personalidad muy carism\u00e1tica. Acompa\u00f1ado de un incre\u00edble equipo de m\u00fasicos, coristas, sonidistas y dem\u00e1s, expres\u00f3 que prepararon este concierto con amor, para todos los asistentes que se encontraban en el lugar.<\/p>\n\n\n\n<div class=\"wp-block-image\"><figure class=\"aligncenter size-large is-resized\"><img decoding=\"async\" src=\"https:\/\/lavereda.com.mx\/wp-content\/uploads\/2021\/10\/MG_9555-1024x608.jpg\" alt=\"\" class=\"wp-image-2588\" width=\"319\" height=\"189\"\/><\/figure><\/div>\n\n\n\n<p> <\/p>\n\n\n\n<p> <\/p>\n","protected":false},"excerpt":{"rendered":"<p>Despu\u00e9s de un a\u00f1o sin presentarse en La Comarca Lagunera, volvi\u00f3 Manuel Mijares para deleitar a sus fans con una maravillosa velada. Entre algunas canciones agradeci\u00f3 el apoyo y declar\u00f3 &hellip; <a href=\"https:\/\/lavereda.com.mx\/index.php\/2021\/10\/23\/reciben-con-carino-a-mijares-en-coliseo-centenario\/\" class=\"more-link\">Leer m\u00e1s<\/a><\/p>\n","protected":false},"author":14,"featured_media":2590,"comment_status":"open","ping_status":"open","sticky":false,"template":"","format":"standard","meta":{"footnotes":""},"categories":[18,4],"tags":[],"class_list":["post-2586","post","type-post","status-publish","format-standard","has-post-thumbnail","hentry","category-lomasrelevante","category-musica","entry"],"_links":{"self":[{"href":"https:\/\/lavereda.com.mx\/index.php\/wp-json\/wp\/v2\/posts\/2586","targetHints":{"allow":["GET"]}}],"collection":[{"href":"https:\/\/lavereda.com.mx\/index.php\/wp-json\/wp\/v2\/posts"}],"about":[{"href":"https:\/\/lavereda.com.mx\/index.php\/wp-json\/wp\/v2\/types\/post"}],"author":[{"embeddable":true,"href":"https:\/\/lavereda.com.mx\/index.php\/wp-json\/wp\/v2\/users\/14"}],"replies":[{"embeddable":true,"href":"https:\/\/lavereda.com.mx\/index.php\/wp-json\/wp\/v2\/comments?post=2586"}],"version-history":[{"count":3,"href":"https:\/\/lavereda.com.mx\/index.php\/wp-json\/wp\/v2\/posts\/2586\/revisions"}],"predecessor-version":[{"id":2594,"href":"https:\/\/lavereda.com.mx\/index.php\/wp-json\/wp\/v2\/posts\/2586\/revisions\/2594"}],"wp:featuredmedia":[{"embeddable":true,"href":"https:\/\/lavereda.com.mx\/index.php\/wp-json\/wp\/v2\/media\/2590"}],"wp:attachment":[{"href":"https:\/\/lavereda.com.mx\/index.php\/wp-json\/wp\/v2\/media?parent=2586"}],"wp:term":[{"taxonomy":"category","embeddable":true,"href":"https:\/\/lavereda.com.mx\/index.php\/wp-json\/wp\/v2\/categories?post=2586"},{"taxonomy":"post_tag","embeddable":true,"href":"https:\/\/lavereda.com.mx\/index.php\/wp-json\/wp\/v2\/tags?post=2586"}],"curies":[{"name":"wp","href":"https:\/\/api.w.org\/{rel}","templated":true}]}}