{"id":2574,"date":"2021-10-22T19:18:36","date_gmt":"2021-10-22T19:18:36","guid":{"rendered":"http:\/\/lavereda.com.mx\/?p=2574"},"modified":"2021-10-23T15:45:13","modified_gmt":"2021-10-23T15:45:13","slug":"lo-imperdible-de-la-cartelera-cultural-de-este-fin-de-semana","status":"publish","type":"post","link":"https:\/\/lavereda.com.mx\/index.php\/2021\/10\/22\/lo-imperdible-de-la-cartelera-cultural-de-este-fin-de-semana\/","title":{"rendered":"Lo imperdible de la cartelera cultural de este fin de semana"},"content":{"rendered":"\n<p>La Secretar\u00eda de Cultura del Gobierno de M\u00e9xico tiene preparadas una serie de actividades para el cuarto fin de semana de octubre, las cuales podr\u00e1n ser apreciadas de manera virtual o presencial, en este caso, siguiendo las recomendaciones para el cuidado de la salud.&nbsp;<\/p>\n\n\n\n<p>Entre los eventos mas esperados del fin de semana est\u00e1n las presentaciones Reyna Hern\u00e1ndez Sandoval y Yadira Pinado Lazcano, mejor conocidas como La Reyna y la Real, y el homenaje a Armando Manzanero en la voz de la cantante Tania Libertad, ambos eventos se celebraran en el Helipuerto del Complejo Cultural Los Pinos el s\u00e1bado 23 de octubre, a las 18:00 y las 20:00 horas respectivamente.&nbsp;<\/p>\n\n\n\n<p>Adem\u00e1s de estas presentaciones, se podr\u00e1 visitar el Mercadillo El Solar de arte popular, productos y comida, a partir de las 11:00 horas y hasta las 17:00 horas en la Plaza Cencalli.<\/p>\n\n\n\n<p>Como parte de la cartelera cultural de la Cuarta Secci\u00f3n de Chapultepec, el s\u00e1bado 23, en la Ex F\u00e1brica de P\u00f3lvora, de las 12:00 a las 16:00 horas, se podr\u00e1&nbsp; visitar la exposici\u00f3n <em>Somos de ma\u00edz, <\/em>en el Sal\u00f3n Chapulines.<\/p>\n\n\n\n<p>El domingo 24, a las 17:30 horas, se transmitir\u00e1 v\u00eda <em>streaming<\/em> el concierto del Ensamble Orquesta Carlos Ch\u00e1vez, del Sistema Nacional de Fomento Musical, \u201cAniversario de la suscripci\u00f3n de la Carta de las Naciones Unidas\u201d, el cual podr\u00e1 disfrutarse en los perfiles de Facebook de los pinos y Fomento Musical.<\/p>\n\n\n\n<p>Para los amantes de las artes esc\u00e9nicas, el Centro Cultural Hel\u00e9nico presentar\u00e1 el s\u00e1bado 23 y el domingo 24 a las 13:00 horas, la obra <em>Beautiful Julia, <\/em>en el foro La Gruta con dramaturgia de Maribel Carrasco y direcci\u00f3n de Boris Schoemann.<\/p>\n\n\n\n<p>El s\u00e1bado 23 de octubre a las 23:00, Eblin Ruan y Los de Caj\u00f3n ofrecer\u00e1n un concierto para toda la familia en la sede de la Secretar\u00eda de Cultura en Tlaxcala, donde se podr\u00e1 escuchar una mezcla musical de g\u00e9neros mexicanos con ritmos latinos y urbanos. El acceso a este concierto ser\u00e1 gratuito.<\/p>\n\n\n\n<p>Mientras que, del 22 al 24 de octubre, de las 11:00 a las 17:00 horas, el Museo Tamayo realizar\u00e1 visitas guiadas al p\u00fablico en donde se podr\u00e1 apreciar su dise\u00f1o arquitect\u00f3nico sin obras en exposici\u00f3n, as\u00ed como los trabajos de remodelaci\u00f3n realizados durante este a\u00f1o, como parte del proyecto Chapultepec.<\/p>\n\n\n\n<p>Para conocer mas horarios, fechas y otras actividades, puedes visitar las plataformas de Cultura del gobierno de M\u00e9xico o las redes sociales y paginas web de cada instituci\u00f3n:\u00a0<a rel=\"noreferrer noopener\" href=\"http:\/\/mexicoescultura.com.mx\/\" target=\"_blank\">mexicoescultura.com.mx<\/a>,<a rel=\"noreferrer noopener\" href=\"https:\/\/contigoenladistancia.cultura.gob.mx\/\" target=\"_blank\">contigoenladistancia.cultura.gob.mx<\/a>\u00a0y\u00a0\u00a0<a rel=\"noreferrer noopener\" href=\"https:\/\/www.gob.mx\/cultura\" target=\"_blank\">gob.mx\/cultura<\/a>\u00a0o las redes sociales y p\u00e1ginas\u00a0<em>web<\/em>\u00a0de cada instituci\u00f3n.\u00a0\u00a0\u00a0\u00a0\u00a0<\/p>\n","protected":false},"excerpt":{"rendered":"<p>La Secretar\u00eda de Cultura del Gobierno de M\u00e9xico tiene preparadas una serie de actividades para el cuarto fin de semana de octubre, las cuales podr\u00e1n ser apreciadas de manera virtual &hellip; <a href=\"https:\/\/lavereda.com.mx\/index.php\/2021\/10\/22\/lo-imperdible-de-la-cartelera-cultural-de-este-fin-de-semana\/\" class=\"more-link\">Leer m\u00e1s<\/a><\/p>\n","protected":false},"author":1,"featured_media":2575,"comment_status":"open","ping_status":"open","sticky":false,"template":"","format":"standard","meta":{"footnotes":""},"categories":[2,18],"tags":[],"class_list":["post-2574","post","type-post","status-publish","format-standard","has-post-thumbnail","hentry","category-artes-escenicas","category-lomasrelevante","entry"],"_links":{"self":[{"href":"https:\/\/lavereda.com.mx\/index.php\/wp-json\/wp\/v2\/posts\/2574","targetHints":{"allow":["GET"]}}],"collection":[{"href":"https:\/\/lavereda.com.mx\/index.php\/wp-json\/wp\/v2\/posts"}],"about":[{"href":"https:\/\/lavereda.com.mx\/index.php\/wp-json\/wp\/v2\/types\/post"}],"author":[{"embeddable":true,"href":"https:\/\/lavereda.com.mx\/index.php\/wp-json\/wp\/v2\/users\/1"}],"replies":[{"embeddable":true,"href":"https:\/\/lavereda.com.mx\/index.php\/wp-json\/wp\/v2\/comments?post=2574"}],"version-history":[{"count":3,"href":"https:\/\/lavereda.com.mx\/index.php\/wp-json\/wp\/v2\/posts\/2574\/revisions"}],"predecessor-version":[{"id":2582,"href":"https:\/\/lavereda.com.mx\/index.php\/wp-json\/wp\/v2\/posts\/2574\/revisions\/2582"}],"wp:featuredmedia":[{"embeddable":true,"href":"https:\/\/lavereda.com.mx\/index.php\/wp-json\/wp\/v2\/media\/2575"}],"wp:attachment":[{"href":"https:\/\/lavereda.com.mx\/index.php\/wp-json\/wp\/v2\/media?parent=2574"}],"wp:term":[{"taxonomy":"category","embeddable":true,"href":"https:\/\/lavereda.com.mx\/index.php\/wp-json\/wp\/v2\/categories?post=2574"},{"taxonomy":"post_tag","embeddable":true,"href":"https:\/\/lavereda.com.mx\/index.php\/wp-json\/wp\/v2\/tags?post=2574"}],"curies":[{"name":"wp","href":"https:\/\/api.w.org\/{rel}","templated":true}]}}