{"id":2566,"date":"2021-10-21T22:43:03","date_gmt":"2021-10-21T22:43:03","guid":{"rendered":"http:\/\/lavereda.com.mx\/?p=2566"},"modified":"2021-10-23T15:39:08","modified_gmt":"2021-10-23T15:39:08","slug":"se-inaugurara-la-primera-feria-artesanal-gastronomica-en-el-cije-de-viesca","status":"publish","type":"post","link":"https:\/\/lavereda.com.mx\/index.php\/2021\/10\/21\/se-inaugurara-la-primera-feria-artesanal-gastronomica-en-el-cije-de-viesca\/","title":{"rendered":"Se inaugurar\u00e1 la primera Feria Artesanal gastron\u00f3mica en el CIJE de Viesca"},"content":{"rendered":"\n<p>Con el apoyo de la Fundaci\u00f3n del Jard\u00edn Etnobiol\u00f3gico de la UAdeC, el d\u00eda de hoy tendr\u00e1 lugar la Primera Vendimia Artesanal y Gastron\u00f3mica de Viesca, Pueblo M\u00e1gico.\u00a0<\/p>\n\n\n\n<p>La coordinadora Sandra L\u00f3pez Chavarr\u00eda; el director del CIJE, Gregorio Mart\u00ednez Vald\u00e9s, y Lupita Amador Sifuentes, como responsable de la Fundaci\u00f3n de la instituci\u00f3n enclavada en Viesca, hicieron una exposici\u00f3n detallada de lo que habr\u00e1 en la actividad sabatina, durante una rueda de prensa.<\/p>\n\n\n\n<p>La vendimia abarcar\u00e1 productos artesanales de tela, hilo, madera, metales, medicina naturista propia de la flora y semidesierto; sin faltar la gastronom\u00eda \u00fanica elaborada con d\u00e1tiles, yerbas, miel, pan artesanal, gorditas de cocedor, mamones, etc\u00e9tera.<\/p>\n\n\n\n<p>El evento tendr\u00e1 lugar de las 10:00 a las 16:00 horas y contara con libre ingreso a las instalaciones del Centro de Investigaci\u00f3n y Jard\u00edn Etnobiol\u00f3gico (CIJE), que se encuentra ubicado en el municipio de Viesca. Por lo cual se est\u00e1 dando la invitaci\u00f3n a este evento a toda la comunidad de la Comarca de Coahuila y Durango.&nbsp;<\/p>\n","protected":false},"excerpt":{"rendered":"<p>Con el apoyo de la Fundaci\u00f3n del Jard\u00edn Etnobiol\u00f3gico de la UAdeC, el d\u00eda de hoy tendr\u00e1 lugar la Primera Vendimia Artesanal y Gastron\u00f3mica de Viesca, Pueblo M\u00e1gico.\u00a0 La coordinadora &hellip; <a href=\"https:\/\/lavereda.com.mx\/index.php\/2021\/10\/21\/se-inaugurara-la-primera-feria-artesanal-gastronomica-en-el-cije-de-viesca\/\" class=\"more-link\">Leer m\u00e1s<\/a><\/p>\n","protected":false},"author":1,"featured_media":2568,"comment_status":"open","ping_status":"open","sticky":false,"template":"","format":"standard","meta":{"footnotes":""},"categories":[8],"tags":[],"class_list":["post-2566","post","type-post","status-publish","format-standard","has-post-thumbnail","hentry","category-sociedad","entry"],"_links":{"self":[{"href":"https:\/\/lavereda.com.mx\/index.php\/wp-json\/wp\/v2\/posts\/2566","targetHints":{"allow":["GET"]}}],"collection":[{"href":"https:\/\/lavereda.com.mx\/index.php\/wp-json\/wp\/v2\/posts"}],"about":[{"href":"https:\/\/lavereda.com.mx\/index.php\/wp-json\/wp\/v2\/types\/post"}],"author":[{"embeddable":true,"href":"https:\/\/lavereda.com.mx\/index.php\/wp-json\/wp\/v2\/users\/1"}],"replies":[{"embeddable":true,"href":"https:\/\/lavereda.com.mx\/index.php\/wp-json\/wp\/v2\/comments?post=2566"}],"version-history":[{"count":2,"href":"https:\/\/lavereda.com.mx\/index.php\/wp-json\/wp\/v2\/posts\/2566\/revisions"}],"predecessor-version":[{"id":2579,"href":"https:\/\/lavereda.com.mx\/index.php\/wp-json\/wp\/v2\/posts\/2566\/revisions\/2579"}],"wp:featuredmedia":[{"embeddable":true,"href":"https:\/\/lavereda.com.mx\/index.php\/wp-json\/wp\/v2\/media\/2568"}],"wp:attachment":[{"href":"https:\/\/lavereda.com.mx\/index.php\/wp-json\/wp\/v2\/media?parent=2566"}],"wp:term":[{"taxonomy":"category","embeddable":true,"href":"https:\/\/lavereda.com.mx\/index.php\/wp-json\/wp\/v2\/categories?post=2566"},{"taxonomy":"post_tag","embeddable":true,"href":"https:\/\/lavereda.com.mx\/index.php\/wp-json\/wp\/v2\/tags?post=2566"}],"curies":[{"name":"wp","href":"https:\/\/api.w.org\/{rel}","templated":true}]}}