{"id":2561,"date":"2021-10-21T20:59:26","date_gmt":"2021-10-21T20:59:26","guid":{"rendered":"http:\/\/lavereda.com.mx\/?p=2561"},"modified":"2021-10-21T22:42:54","modified_gmt":"2021-10-21T22:42:54","slug":"artesanos-coahuilenses-en-festival-internacional-cervantino","status":"publish","type":"post","link":"https:\/\/lavereda.com.mx\/index.php\/2021\/10\/21\/artesanos-coahuilenses-en-festival-internacional-cervantino\/","title":{"rendered":"Artesanos coahuilenses presentes en Festival Internacional Cervantino"},"content":{"rendered":"\n<p>El estado de Coahuila, invitado en la 49 Edici\u00f3n del Festival Internacional Cervantino, conserva presencia, y esta vez son los artesanos quienes muestran su trabajo en este importante festival.<\/p>\n\n\n\n<p>La titular del quehacer cultural en la entidad, Ana Sof\u00eda Garc\u00eda Camil, indic\u00f3 que las y los artesanos son dignos representantes de Coahuila y son quienes est\u00e1n poniendo en alto a nuestro estado.<\/p>\n\n\n\n<blockquote class=\"wp-block-quote is-layout-flow wp-block-quote-is-layout-flow\"><p>\u201cEstamos representados por grandes artistas de la piedra, la madera, la plata y otros materiales con los crean obras maravillosas\u201d, dijo. \u201cEl buen manejo de los diversos materiales y el aprovechamiento de los recursos locales de cada una de las regiones donde, gracias a estos artesanos, se promueve el turismo cultural de Coahuila\u201d.<\/p><\/blockquote>\n\n\n\n<p>Se anunci\u00f3, que para mostrar las artesan\u00edas propias del estado se cuenta con la Casa Coahuila, un espacio destinado a la promoci\u00f3n tur\u00edstica, gastron\u00f3mica y artesanal. En la inauguraci\u00f3n se conto con la participaci\u00f3n del Gobernador Miguel Riquelme y Diego Delgado.<\/p>\n\n\n\n<p>Garc\u00eda Camil inform\u00f3 que entre las y los artesanos acudi\u00f3 N\u00e9stor Antonio Espinoza Hern\u00e1ndez, con escultura en piedra, talla en madera y cuchiller\u00eda originaria del Municipio de Melchor M\u00fazquiz.<\/p>\n\n\n\n<p>Tambi\u00e9n llevaban collares, pulseras, aretes y llaveros hechos con asta de venado y toquillas de piel de caballo. En tanto que por parte de la Ciudad de Torre\u00f3n, la Asociaci\u00f3n de Plata en La Laguna mostr\u00f3 a los paseantes piezas de joyer\u00eda en plata .925, usando diferentes t\u00e9cnicas como calado, vaciado y cera p\u00e9rdida. Asimismo, algunas artesan\u00edas incorporan piedras semipreciosas y textiles, como el sarape de Saltillo.<\/p>\n\n\n\n<div class=\"wp-block-image\"><figure class=\"aligncenter size-large\"><img fetchpriority=\"high\" decoding=\"async\" width=\"1024\" height=\"722\" src=\"https:\/\/lavereda.com.mx\/wp-content\/uploads\/2021\/10\/DA2418D1-1B72-4166-89C4-99339AB34F0E-1024x722.jpeg\" alt=\"\" class=\"wp-image-2564\" srcset=\"https:\/\/lavereda.com.mx\/wp-content\/uploads\/2021\/10\/DA2418D1-1B72-4166-89C4-99339AB34F0E-1024x722.jpeg 1024w, https:\/\/lavereda.com.mx\/wp-content\/uploads\/2021\/10\/DA2418D1-1B72-4166-89C4-99339AB34F0E-300x212.jpeg 300w, https:\/\/lavereda.com.mx\/wp-content\/uploads\/2021\/10\/DA2418D1-1B72-4166-89C4-99339AB34F0E-768x542.jpeg 768w, https:\/\/lavereda.com.mx\/wp-content\/uploads\/2021\/10\/DA2418D1-1B72-4166-89C4-99339AB34F0E.jpeg 1280w\" sizes=\"(max-width: 1024px) 100vw, 1024px\" \/><\/figure><\/div>\n\n\n\n<p>Finalmente, la funcionaria estatal expres\u00f3 que de Saltillo, las y los artesanos llevaban cartoner\u00eda en forma de dinosaurios, calaveras y catrinas, y el Museo del Desierto present\u00f3 tallado en madera, pulseras de amonitas, collares de plata, llaveros, portallaves y cuadros en pirograbado.<\/p>\n","protected":false},"excerpt":{"rendered":"<p>El estado de Coahuila, invitado en la 49 Edici\u00f3n del Festival Internacional Cervantino, conserva presencia, y esta vez son los artesanos quienes muestran su trabajo en este importante festival. La &hellip; <a href=\"https:\/\/lavereda.com.mx\/index.php\/2021\/10\/21\/artesanos-coahuilenses-en-festival-internacional-cervantino\/\" class=\"more-link\">Leer m\u00e1s<\/a><\/p>\n","protected":false},"author":1,"featured_media":2562,"comment_status":"open","ping_status":"open","sticky":false,"template":"","format":"standard","meta":{"footnotes":""},"categories":[3,18],"tags":[],"class_list":["post-2561","post","type-post","status-publish","format-standard","has-post-thumbnail","hentry","category-artes-visuales","category-lomasrelevante","entry"],"_links":{"self":[{"href":"https:\/\/lavereda.com.mx\/index.php\/wp-json\/wp\/v2\/posts\/2561","targetHints":{"allow":["GET"]}}],"collection":[{"href":"https:\/\/lavereda.com.mx\/index.php\/wp-json\/wp\/v2\/posts"}],"about":[{"href":"https:\/\/lavereda.com.mx\/index.php\/wp-json\/wp\/v2\/types\/post"}],"author":[{"embeddable":true,"href":"https:\/\/lavereda.com.mx\/index.php\/wp-json\/wp\/v2\/users\/1"}],"replies":[{"embeddable":true,"href":"https:\/\/lavereda.com.mx\/index.php\/wp-json\/wp\/v2\/comments?post=2561"}],"version-history":[{"count":3,"href":"https:\/\/lavereda.com.mx\/index.php\/wp-json\/wp\/v2\/posts\/2561\/revisions"}],"predecessor-version":[{"id":2569,"href":"https:\/\/lavereda.com.mx\/index.php\/wp-json\/wp\/v2\/posts\/2561\/revisions\/2569"}],"wp:featuredmedia":[{"embeddable":true,"href":"https:\/\/lavereda.com.mx\/index.php\/wp-json\/wp\/v2\/media\/2562"}],"wp:attachment":[{"href":"https:\/\/lavereda.com.mx\/index.php\/wp-json\/wp\/v2\/media?parent=2561"}],"wp:term":[{"taxonomy":"category","embeddable":true,"href":"https:\/\/lavereda.com.mx\/index.php\/wp-json\/wp\/v2\/categories?post=2561"},{"taxonomy":"post_tag","embeddable":true,"href":"https:\/\/lavereda.com.mx\/index.php\/wp-json\/wp\/v2\/tags?post=2561"}],"curies":[{"name":"wp","href":"https:\/\/api.w.org\/{rel}","templated":true}]}}