{"id":2558,"date":"2021-10-21T18:13:16","date_gmt":"2021-10-21T18:13:16","guid":{"rendered":"http:\/\/lavereda.com.mx\/?p=2558"},"modified":"2021-10-21T18:13:18","modified_gmt":"2021-10-21T18:13:18","slug":"la-compania-mezquite-baila-rumbo-a-sus-25-anos","status":"publish","type":"post","link":"https:\/\/lavereda.com.mx\/index.php\/2021\/10\/21\/la-compania-mezquite-baila-rumbo-a-sus-25-anos\/","title":{"rendered":"La compa\u00f1\u00eda Mezquite baila rumbo a sus 25 a\u00f1os"},"content":{"rendered":"\n<p>Despu\u00e9s de su presentaci\u00f3n en el 49 Festival Internacional Cervantino y la inauguraci\u00f3n del Foro en la Plaza San Fernando, el pasado fin de semana, Mezquite Danza Contempor\u00e1nea bailar\u00e1 el viernes 22 de octubre a las 8 de la noche en el Teatro Nazas, inform\u00f3 el director y core\u00f3grafo Jaime Hinojosa.<\/p>\n\n\n\n<p>El programa est\u00e1 integrado con dos de las danzas presentadas en el FIC<strong>\u00a0<\/strong>-\u201cSextante\u201d, de Sara Ovalle y \u201cLo que mi o\u00eddo toca se convierte en silencio\u201d de Mizar\u00edm Araujo-, as\u00ed mismo,\u00a0\u00a0\u201cLa Caja de juguetes\u201d de Isabel Romero<strong>,\u00a0<\/strong>m\u00fasica de Claude Debussy.\u00a0<\/p>\n\n\n\n<p>Coment\u00f3 el maestro Hinojosa sobre La caja de juguetes: \u201cM\u00e1s all\u00e1 de sus valores est\u00e9ticos y musicales, esta obra enfatiza la no violencia, la inutilidad de las guerras, la fuerza del juego y el poder del amor.\u00a0Mu\u00f1ecas de trapo, borregos, arlequines y piratas, gansos gigantes y escaleras truncas, t\u00faneles, borregos y magias, son acciones y personajes que en su conjunto hilvanan y bordan esta historia coreogr\u00e1fica\u201d.<\/p>\n\n\n\n<p>Agreg\u00f3 que Mezquite DC, promueve el desarrollo y apreciaci\u00f3n de la danza contempor\u00e1nea en La Comarca Lagunera. \u00abEs\u00a0<em>alma m\u00e1ter<\/em>\u00a0de la Escuela Municipal Danza de Contempor\u00e1nea de Torre\u00f3n y\u00a0vincula en la zona noreste, los aislados y pocos valorados esfuerzos regionales mediante residencias e intercambios art\u00edsticos. No obstante que camina rumbo a sus 25 a\u00f1os, no recibe ning\u00fan tipo de subsidio, crea p\u00fablicos, bailarines y trabaja en paz\u00bb.\u00a0<\/p>\n\n\n\n<p>Mezquite Danza Contempor\u00e1nea es una compa\u00f1\u00eda beneficiaria del programa \u201cProducci\u00f3n de Danza realizada con el est\u00edmulo fiscal del art\u00edculo 190 de la LISR (Efiartes).<\/p>\n\n\n\n<p>Para esta presentaci\u00f3n queda garantizada\u00a0la sana distancia, as\u00ed como los protocolos de salud desde el acceso. La entrada es gratuita.<\/p>\n\n\n\n<p><\/p>\n","protected":false},"excerpt":{"rendered":"<p>Despu\u00e9s de su presentaci\u00f3n en el 49 Festival Internacional Cervantino y la inauguraci\u00f3n del Foro en la Plaza San Fernando, el pasado fin de semana, Mezquite Danza Contempor\u00e1nea bailar\u00e1 el &hellip; <a href=\"https:\/\/lavereda.com.mx\/index.php\/2021\/10\/21\/la-compania-mezquite-baila-rumbo-a-sus-25-anos\/\" class=\"more-link\">Leer m\u00e1s<\/a><\/p>\n","protected":false},"author":1,"featured_media":2559,"comment_status":"open","ping_status":"open","sticky":false,"template":"","format":"standard","meta":{"footnotes":""},"categories":[2,18],"tags":[],"class_list":["post-2558","post","type-post","status-publish","format-standard","has-post-thumbnail","hentry","category-artes-escenicas","category-lomasrelevante","entry"],"_links":{"self":[{"href":"https:\/\/lavereda.com.mx\/index.php\/wp-json\/wp\/v2\/posts\/2558","targetHints":{"allow":["GET"]}}],"collection":[{"href":"https:\/\/lavereda.com.mx\/index.php\/wp-json\/wp\/v2\/posts"}],"about":[{"href":"https:\/\/lavereda.com.mx\/index.php\/wp-json\/wp\/v2\/types\/post"}],"author":[{"embeddable":true,"href":"https:\/\/lavereda.com.mx\/index.php\/wp-json\/wp\/v2\/users\/1"}],"replies":[{"embeddable":true,"href":"https:\/\/lavereda.com.mx\/index.php\/wp-json\/wp\/v2\/comments?post=2558"}],"version-history":[{"count":1,"href":"https:\/\/lavereda.com.mx\/index.php\/wp-json\/wp\/v2\/posts\/2558\/revisions"}],"predecessor-version":[{"id":2560,"href":"https:\/\/lavereda.com.mx\/index.php\/wp-json\/wp\/v2\/posts\/2558\/revisions\/2560"}],"wp:featuredmedia":[{"embeddable":true,"href":"https:\/\/lavereda.com.mx\/index.php\/wp-json\/wp\/v2\/media\/2559"}],"wp:attachment":[{"href":"https:\/\/lavereda.com.mx\/index.php\/wp-json\/wp\/v2\/media?parent=2558"}],"wp:term":[{"taxonomy":"category","embeddable":true,"href":"https:\/\/lavereda.com.mx\/index.php\/wp-json\/wp\/v2\/categories?post=2558"},{"taxonomy":"post_tag","embeddable":true,"href":"https:\/\/lavereda.com.mx\/index.php\/wp-json\/wp\/v2\/tags?post=2558"}],"curies":[{"name":"wp","href":"https:\/\/api.w.org\/{rel}","templated":true}]}}