{"id":2550,"date":"2021-10-21T04:45:03","date_gmt":"2021-10-21T04:45:03","guid":{"rendered":"http:\/\/lavereda.com.mx\/?p=2550"},"modified":"2021-10-21T04:45:05","modified_gmt":"2021-10-21T04:45:05","slug":"fil-ninos-estara-presente-en-esta-edicion-2021","status":"publish","type":"post","link":"https:\/\/lavereda.com.mx\/index.php\/2021\/10\/21\/fil-ninos-estara-presente-en-esta-edicion-2021\/","title":{"rendered":"\u00a1FIL Ni\u00f1os estar\u00e1 presente en esta edici\u00f3n 2021!"},"content":{"rendered":"\n<p>Con la frase \u201c\u00a1Es tu turno!\u201d. Este a\u00f1o, el pabell\u00f3n infantil de la Feria Internacional del Libro de Guadalajara se transformar\u00e1 en un tablero de juego, donde por cada experiencia vivida los ni\u00f1os podr\u00e1n desbloquear un logro distinto. La cita es del 2 al 5 de diciembre, con horario de 10:00 a 21:30 horas, en tres turnos, los asistentes podr\u00e1n disfrutar de la experiencia cultural de siempre con talleres, venta de libros y espect\u00e1culos en distintos espacios como Pabell\u00f3n Metropolitano, Conjunto Santander de Artes Esc\u00e9nicas, Cineteca FICG, \u00c1gora Jenkins, Librer\u00eda Carlos Fuentes y Plaza Bicentenario.<\/p>\n\n\n\n<p>En este espacio, las lecturas y la met\u00e1fora ser\u00e1n la incitaci\u00f3n al juego en la que los libros pondr\u00e1n a prueba la imaginaci\u00f3n de los lectores.&nbsp;<\/p>\n\n\n\n<p>Para la FIL es prioritaria la seguridad del p\u00fablico infantil que acude a FIL Ni\u00f1os. Es por eso que este 2021 se realizar\u00e1 en el Centro Cultural Universitario (CCU) de la Universidad de Guadalajara, sede eventual que garantizar\u00e1 las medidas implementadas para este a\u00f1o en el contexto de la pandemia.<\/p>\n\n\n\n<p>El programa de esta edici\u00f3n de FIL Ni\u00f1os est\u00e1 compuesto por 540 sesiones de 15 talleres de fomento a la lectura y escritura creativa en el Pabell\u00f3n Metropolitano, en un \u00e1rea de 4,300 m2; 16 sesiones de talleres espont\u00e1neos impartidos por el Fondo de Cultura Econ\u00f3mica y la Fundaci\u00f3n Telef\u00f3nica Movistar M\u00e9xico, donde destaca la participaci\u00f3n de la escritora y poeta peruana Micaela Chirif, y la escritora mexicana Norma Mu\u00f1oz Ledo.&nbsp;<\/p>\n\n\n\n<p>Adem\u00e1s, para el p\u00fablico que desee participar de manera remota se ofrecer\u00e1n trece talleres digitales: seis sesiones impartidas por el Sistema Universitario de Lectura Universo Letras de la Universidad Nacional Aut\u00f3noma de M\u00e9xico, y siete por Atrapavientos, por mediaci\u00f3n del Centro Cultural de Espa\u00f1a en M\u00e9xico. Adem\u00e1s, el p\u00fablico general y las familias acompa\u00f1adas de perritos podr\u00e1n disfrutar en la Plaza Bicentenario de la presentaci\u00f3n del libro Laika, del escritor mexicano Antonio Ortu\u00f1o.&nbsp;<\/p>\n\n\n\n<p>Por otro lado se espera que, en 192 metros cuadrados, FIL Ni\u00f1os pueda tener un pabell\u00f3n de venta y exhibici\u00f3n de libros infantiles y juveniles, operado por la Librer\u00eda Carlos Fuentes, donde se ofrecer\u00e1n 4,697 t\u00edtulos, de 348 editoriales nacionales e internacionales. Adem\u00e1s, los asistentes podr\u00e1n visitar la Librer\u00eda Carlos Fuentes, donde se realizar\u00e1n 80 actividades, incluidas talleres familiares e infantiles y cuentacuentos.\u00a0<\/p>\n\n\n\n<p>En los pr\u00f3ximos d\u00edas podr\u00e1n adquirirse los boletos de ingreso desde la p\u00e1gina web de la FIL Guadalajara, en el apartado <a href=\"http:\/\/www.fil.com.mx\/FILNinos\">www.fil.com.mx\/FILNinos<\/a>, tendr\u00e1 un costo por boleto de 25 pesos general y 20 pesos, ni\u00f1os y estudiantes.&nbsp;<\/p>\n\n\n\n<p>Cabe mencionar que, FIL Ni\u00f1os cuenta con el valioso apoyo de Megacable, Discovery Kids, Kinder Sorpresa, Instituto Nacional Electoral (INE), Fundaci\u00f3n Telef\u00f3nica Movistar, Librer\u00eda Carlos Fuentes, Manzanilla Sophia, Skarch Agua Natural y Electrolit. Adem\u00e1s, la Plataforma Abierta de Innovaci\u00f3n y Desarrollo de Jalisco (PLAi) participar\u00e1 con talleres y demostraciones de tecnolog\u00eda aplicada a la educaci\u00f3n.\u00a0<\/p>\n","protected":false},"excerpt":{"rendered":"<p>Con la frase \u201c\u00a1Es tu turno!\u201d. Este a\u00f1o, el pabell\u00f3n infantil de la Feria Internacional del Libro de Guadalajara se transformar\u00e1 en un tablero de juego, donde por cada experiencia &hellip; <a href=\"https:\/\/lavereda.com.mx\/index.php\/2021\/10\/21\/fil-ninos-estara-presente-en-esta-edicion-2021\/\" class=\"more-link\">Leer m\u00e1s<\/a><\/p>\n","protected":false},"author":1,"featured_media":2551,"comment_status":"open","ping_status":"open","sticky":false,"template":"","format":"standard","meta":{"footnotes":""},"categories":[5,18],"tags":[],"class_list":["post-2550","post","type-post","status-publish","format-standard","has-post-thumbnail","hentry","category-letras-y-libros","category-lomasrelevante","entry"],"_links":{"self":[{"href":"https:\/\/lavereda.com.mx\/index.php\/wp-json\/wp\/v2\/posts\/2550","targetHints":{"allow":["GET"]}}],"collection":[{"href":"https:\/\/lavereda.com.mx\/index.php\/wp-json\/wp\/v2\/posts"}],"about":[{"href":"https:\/\/lavereda.com.mx\/index.php\/wp-json\/wp\/v2\/types\/post"}],"author":[{"embeddable":true,"href":"https:\/\/lavereda.com.mx\/index.php\/wp-json\/wp\/v2\/users\/1"}],"replies":[{"embeddable":true,"href":"https:\/\/lavereda.com.mx\/index.php\/wp-json\/wp\/v2\/comments?post=2550"}],"version-history":[{"count":3,"href":"https:\/\/lavereda.com.mx\/index.php\/wp-json\/wp\/v2\/posts\/2550\/revisions"}],"predecessor-version":[{"id":2554,"href":"https:\/\/lavereda.com.mx\/index.php\/wp-json\/wp\/v2\/posts\/2550\/revisions\/2554"}],"wp:featuredmedia":[{"embeddable":true,"href":"https:\/\/lavereda.com.mx\/index.php\/wp-json\/wp\/v2\/media\/2551"}],"wp:attachment":[{"href":"https:\/\/lavereda.com.mx\/index.php\/wp-json\/wp\/v2\/media?parent=2550"}],"wp:term":[{"taxonomy":"category","embeddable":true,"href":"https:\/\/lavereda.com.mx\/index.php\/wp-json\/wp\/v2\/categories?post=2550"},{"taxonomy":"post_tag","embeddable":true,"href":"https:\/\/lavereda.com.mx\/index.php\/wp-json\/wp\/v2\/tags?post=2550"}],"curies":[{"name":"wp","href":"https:\/\/api.w.org\/{rel}","templated":true}]}}