{"id":2544,"date":"2021-10-19T17:10:53","date_gmt":"2021-10-19T17:10:53","guid":{"rendered":"http:\/\/lavereda.com.mx\/?p=2544"},"modified":"2021-10-20T15:43:12","modified_gmt":"2021-10-20T15:43:12","slug":"camerata-de-coahuila-en-festival-internacional-cervantino","status":"publish","type":"post","link":"https:\/\/lavereda.com.mx\/index.php\/2021\/10\/19\/camerata-de-coahuila-en-festival-internacional-cervantino\/","title":{"rendered":"Camerata De Coahuila En Festival Internacional Cervantino"},"content":{"rendered":"\n<p>Con el objetivo de difundir e impulsar la m\u00fasica orquestal en M\u00e9xico, el Festival Internacional Cervantino (FIC) conjuntar\u00e1 el talento de orquestas de c\u00e1mara, como parte de la programaci\u00f3n de m\u00fasica de c\u00e1mara nacional en la edici\u00f3n 49, en el que Coahuila destaca como estado invitado. El concierto de Camerata de Coahuila se lleva a cabo este mi\u00e9rcoles 20 de octubre en el Teatro Ju\u00e1rez de Guanajuato, en punto de las 21:00 horas.<\/p>\n\n\n\n<p>En este concierto, en el que la Camerata estar\u00e1 bajo la direcci\u00f3n del Maestro Ram\u00f3n Shade, se rendir\u00e1 homenaje a Ludwig van Beethoven con un programa donde se interpretar\u00e1 la m\u00fasica incidental para el drama de J.W. von Goethe: Egmont. Adem\u00e1s, se contar\u00e1 con la participaci\u00f3n de la soprano Alejandra L\u00f3pez-Fuentes y del director y dramaturgo Claudio Vald\u00e9s Kuri, como narrador. Con una adaptaci\u00f3n en espa\u00f1ol escrita por el dramaturgo Rodrigo V\u00e1zquez Maya. Considerada una de las obras m\u00e1s sobresalientes que han acompa\u00f1ado una representaci\u00f3n teatral, fue compuesta en 1809 para el drama escrito por Goethe en 1778.\u00a0<\/p>\n\n\n\n<div class=\"wp-block-image\"><figure class=\"aligncenter size-large is-resized\"><img fetchpriority=\"high\" decoding=\"async\" src=\"https:\/\/lavereda.com.mx\/wp-content\/uploads\/2021\/10\/WhatsApp-Image-2021-10-19-at-11.50.13-1024x682.jpeg\" alt=\"\" class=\"wp-image-2545\" width=\"443\" height=\"295\"\/><\/figure><\/div>\n\n\n\n<p>Claudio Vald\u00e9s Kuri Director y dramaturgo mexicano ampliamente reconocido a nivel internacional. Fund\u00f3 y dirige la compa\u00f1\u00eda interdisciplinaria Teatro de Ciertos Habitantes, referente de la vanguardia esc\u00e9nica latinoamericana.&nbsp;<\/p>\n\n\n\n<p>Paralelamente, ha dirigido \u00f3pera y espect\u00e1culos de gran formato. Sus creaciones se han presentado exitosamente en m\u00e1s de 200 ciudades en los cinco continentes. Importantes instituciones le han comisionado y co-producido sus obras: Festival Internacional de Edimburgo, Theater der Welt (Alemania), Wiener Festwochen (Austria), Kunsten Festival des Arts (B\u00e9lgica), Writers Theatre (EUA), Festival Internacional Cervantino (M\u00e9xico), Coordinaci\u00f3n Nacional de Teatro, Universidad Nacional Aut\u00f3noma de M\u00e9xico, etc. Su formaci\u00f3n art\u00edstica profesional comenz\u00f3 desde temprana edad, como actor con Susana Wein y como m\u00fasico con Erika Kubacsek. Es director egresado del Centro de Capacitaci\u00f3n Cinematogr\u00e1fica. Perteneci\u00f3 al grupo austriaco Carpa Theater. Fue miembro fundador y cantante del cuarteto vocal de m\u00fasica antigua Ars Nova. Es miembro del Sistema Nacional de Creadores de Arte. La publicaci\u00f3n L\u00edderes Mexicanos lo ha reconocido como uno de los 300 l\u00edderes m\u00e1s influyentes de nuestro pa\u00eds.&nbsp;<\/p>\n\n\n\n<p>Alejandra L\u00f3pez Fuentes destacada soprano saltillense, egresada de la Escuela Superior de M\u00fasica de la Universidad Aut\u00f3noma de Coahuila bajo la instrucci\u00f3n del bajo-bar\u00edtono Arturo Rodr\u00edguez-Torres. Fue miembro del Taller de \u00d3pera de Sinaloa del a\u00f1o 2011 a 2013, donde continu\u00f3 sus estudios con el reconocido bar\u00edtono puertorrique\u00f1o Carlos Serrano. Ha sido ganadora de diversos premios y concursos, entre los que destacan el Primer lugar, el premio Coahuila del VI Concurso Internacional de Canto Sinaloa 2014 y premio \u00d3pera de Oaxaca 2014. Se ha presentado en diversos festivales y escenarios de la Rep\u00fablica Mexicana, Estados Unidos y Cuba, destacando entre ellos, el Palacio de Bellas Artes, donde realiz\u00f3 su debut en el a\u00f1o 2015. CONCIERTO Nuestra presentaci\u00f3n se realizar\u00e1 en el Teatro Ju\u00e1rez, de la ciudad de Guanajuato, gto.<\/p>\n\n\n\n<p>&nbsp;Los boletos est\u00e1n disponibles en taquillas del Teatro Ju\u00e1rez y en la plataforma de TicketMaster, distribuidos en 4 fases: luneta en 955.00 pesos, platea en 678.00, palcos en 420.00 pesos y galer\u00eda en 132.00 pesos.&nbsp;<\/p>\n\n\n\n<p>Se contar\u00e1 con los protocolos de salud, con la finalidad que el p\u00fablico pueda disfrutar de las actividades presenciales en los espacios de Guanajuato. El uso de cubrebocas obligatorio, la aplicaci\u00f3n de gel antibacterial, el respeto a la sana distancia y los aforos limitados en recintos abiertos y cerrados son algunas de las medidas implementadas para salvaguardar la salud del p\u00fablico.&nbsp;<\/p>\n","protected":false},"excerpt":{"rendered":"<p>Con el objetivo de difundir e impulsar la m\u00fasica orquestal en M\u00e9xico, el Festival Internacional Cervantino (FIC) conjuntar\u00e1 el talento de orquestas de c\u00e1mara, como parte de la programaci\u00f3n de &hellip; <a href=\"https:\/\/lavereda.com.mx\/index.php\/2021\/10\/19\/camerata-de-coahuila-en-festival-internacional-cervantino\/\" class=\"more-link\">Leer m\u00e1s<\/a><\/p>\n","protected":false},"author":1,"featured_media":2546,"comment_status":"open","ping_status":"open","sticky":false,"template":"","format":"standard","meta":{"footnotes":""},"categories":[18,4],"tags":[],"class_list":["post-2544","post","type-post","status-publish","format-standard","has-post-thumbnail","hentry","category-lomasrelevante","category-musica","entry"],"_links":{"self":[{"href":"https:\/\/lavereda.com.mx\/index.php\/wp-json\/wp\/v2\/posts\/2544","targetHints":{"allow":["GET"]}}],"collection":[{"href":"https:\/\/lavereda.com.mx\/index.php\/wp-json\/wp\/v2\/posts"}],"about":[{"href":"https:\/\/lavereda.com.mx\/index.php\/wp-json\/wp\/v2\/types\/post"}],"author":[{"embeddable":true,"href":"https:\/\/lavereda.com.mx\/index.php\/wp-json\/wp\/v2\/users\/1"}],"replies":[{"embeddable":true,"href":"https:\/\/lavereda.com.mx\/index.php\/wp-json\/wp\/v2\/comments?post=2544"}],"version-history":[{"count":2,"href":"https:\/\/lavereda.com.mx\/index.php\/wp-json\/wp\/v2\/posts\/2544\/revisions"}],"predecessor-version":[{"id":2549,"href":"https:\/\/lavereda.com.mx\/index.php\/wp-json\/wp\/v2\/posts\/2544\/revisions\/2549"}],"wp:featuredmedia":[{"embeddable":true,"href":"https:\/\/lavereda.com.mx\/index.php\/wp-json\/wp\/v2\/media\/2546"}],"wp:attachment":[{"href":"https:\/\/lavereda.com.mx\/index.php\/wp-json\/wp\/v2\/media?parent=2544"}],"wp:term":[{"taxonomy":"category","embeddable":true,"href":"https:\/\/lavereda.com.mx\/index.php\/wp-json\/wp\/v2\/categories?post=2544"},{"taxonomy":"post_tag","embeddable":true,"href":"https:\/\/lavereda.com.mx\/index.php\/wp-json\/wp\/v2\/tags?post=2544"}],"curies":[{"name":"wp","href":"https:\/\/api.w.org\/{rel}","templated":true}]}}