{"id":2540,"date":"2021-10-19T16:35:10","date_gmt":"2021-10-19T16:35:10","guid":{"rendered":"http:\/\/lavereda.com.mx\/?p=2540"},"modified":"2021-10-19T16:35:12","modified_gmt":"2021-10-19T16:35:12","slug":"la-edicion-35-de-la-fil-guadalajara-sera-presencial","status":"publish","type":"post","link":"https:\/\/lavereda.com.mx\/index.php\/2021\/10\/19\/la-edicion-35-de-la-fil-guadalajara-sera-presencial\/","title":{"rendered":"La edici\u00f3n 35 de la FIL Guadalajara, ser\u00e1 presencial"},"content":{"rendered":"\n<p>Del 27 de noviembre al 5 de diciembre, en Expo Guadalajara y Centro Cultural Universitario la Feria Internacional del Libro de Guadalajara n\u00famero 35 se llevar\u00e1 a cabo, con la participaci\u00f3n de 255 expositores y 600 autores de 46 pa\u00edses, adem\u00e1s de importantes figuras de la industria del libro, la academia, la cultura, el pensamiento y la ciencia.&nbsp;<\/p>\n\n\n\n<p>Para esta ocasi\u00f3n Per\u00fa, es el Invitado de Honor Con el aval de la Mesa Especializada de Salud del Gobierno del Estado de Jalisco y el consejo de la Sala de Situaci\u00f3n en Salud por Covid-19 de la Universidad de Guadalajara y del Hospital Civil de Guadalajara, la Feria Internacional del Libro de Guadalajara volver\u00e1 en formato presencial, con algunas adecuaciones, cambios y protocolos para garantizar la seguridad y la salud de sus visitantes, participantes, profesionales y expositores.&nbsp;<\/p>\n\n\n\n<p>Para facilitar la operaci\u00f3n y el control de p\u00fablico, la FIL contar\u00e1 con dos turnos en Expo Guadalajara: de 9:00 a 14:00 horas y de 16:00 a 21:00 horas, durante los nueve d\u00edas de actividades. Estas franjas horarias con dos horas entre una y otra permitir\u00e1n tener un desalojo del recinto ferial sin aglomeraciones, evitar el encuentro de p\u00fablico que sale e ingresa, y tener tiempo suficiente para la desinfecci\u00f3n de espacios, tanto en salones como en el \u00e1rea de exhibici\u00f3n.&nbsp;<\/p>\n\n\n\n<p>Este a\u00f1o, por primera vez, se vender\u00e1n boletos v\u00eda Internet para que los visitantes ingresen con un c\u00f3digo QR a Expo Guadalajara o FIL Ni\u00f1os en el Centro Cultural Universitario, con un costo de 25 pesos para adultos y 20 pesos para ni\u00f1os, estudiantes y maestros con credencial, personas de la tercera edad y personas con discapacidad.&nbsp;<\/p>\n\n\n\n<p>Adem\u00e1s, la escritora chilena Diamela Eltit recibir\u00e1 el Premio FIL de Literatura en Lenguas Romances 2021 durante la inauguraci\u00f3n de esta edici\u00f3n; y la escritora mexicana Margo Glantz obtendr\u00e1 la Medalla Carlos Fuentes, de manos de Silvia Lemus. Se rendir\u00e1 el Homenaje al M\u00e9rito Editorial para la editora mexicana Cristina Urrutia, y el Nacional de Periodismo Cultural Fernando Ben\u00edtez para Miguel de la Cruz. \u00d3scar Gerardo Saavedra recibir\u00e1 el Homenaje al Bibliotecario, mientras que el Homenaje al Bibli\u00f3filo Jos\u00e9 Luis Mart\u00ednez ser\u00e1 para Tom\u00e1s de H\u00edjar Ornelas, entre otros m\u00e1s premios que se entregar\u00e1n durante la FIL 2021.<\/p>\n\n\n\n<div class=\"wp-block-image\"><figure class=\"aligncenter size-large is-resized\"><img fetchpriority=\"high\" decoding=\"async\" src=\"https:\/\/lavereda.com.mx\/wp-content\/uploads\/2021\/08\/51406055271_62fc17a06a_c.jpg\" alt=\"\" class=\"wp-image-2193\" width=\"428\" height=\"287\" srcset=\"https:\/\/lavereda.com.mx\/wp-content\/uploads\/2021\/08\/51406055271_62fc17a06a_c.jpg 800w, https:\/\/lavereda.com.mx\/wp-content\/uploads\/2021\/08\/51406055271_62fc17a06a_c-300x201.jpg 300w, https:\/\/lavereda.com.mx\/wp-content\/uploads\/2021\/08\/51406055271_62fc17a06a_c-768x515.jpg 768w\" sizes=\"(max-width: 428px) 100vw, 428px\" \/><figcaption>Diamela Eltit<\/figcaption><\/figure><\/div>\n\n\n\n<p>La FIL Guadalajara ser\u00e1 de nuevo un espacio para la discusi\u00f3n de las ideas y el pensamiento. Destaca la participaci\u00f3n de figuras internacionales, en los diversos programas de FIL Pensamiento, como el Coloquio de Muro a Muro 2021, el Seminario de la Suprema Corte de Justicia de la Naci\u00f3n, el Seminario Aspen-FIL 2021, el Foro Internacional de Migraci\u00f3n y Desarrollo o la conferencia \u201cLos grandes desaf\u00edos de nuestra historia inmediata\u201d, con Manuel Castells.&nbsp;<\/p>\n\n\n\n<p>Tambi\u00e9n, se llevar\u00e1 a cabo el Foro Internacional de Dise\u00f1o Editorial, en conjunto con la Universidad An\u00e1huac M\u00e9xico, con la participaci\u00f3n de figuras destacadas del \u00e1mbito editorial, como Mar\u00eda Conejo, Ana Paula D\u00e1vila, Alberto Montt, Gerald Espinoza o Benito L\u00f3pez Mart\u00ednez. En colaboraci\u00f3n con la Editorial Universitaria y la Librer\u00eda Carlos Fuentes, se llevar\u00e1n a cabo el Foro Internacional de Edici\u00f3n Universitaria y Acad\u00e9mica y el Foro Internacional de Libreros.&nbsp;<\/p>\n\n\n\n<p>Toda la informaci\u00f3n y el programa de la edici\u00f3n 35 est\u00e1n disponibles en www.fil.com.mx Fotograf\u00edas del programa 2021 de la FIL y ediciones anteriores en www.flickr.com\/filguadalajara<\/p>\n","protected":false},"excerpt":{"rendered":"<p>Del 27 de noviembre al 5 de diciembre, en Expo Guadalajara y Centro Cultural Universitario la Feria Internacional del Libro de Guadalajara n\u00famero 35 se llevar\u00e1 a cabo, con la &hellip; <a href=\"https:\/\/lavereda.com.mx\/index.php\/2021\/10\/19\/la-edicion-35-de-la-fil-guadalajara-sera-presencial\/\" class=\"more-link\">Leer m\u00e1s<\/a><\/p>\n","protected":false},"author":1,"featured_media":2541,"comment_status":"open","ping_status":"open","sticky":false,"template":"","format":"standard","meta":{"footnotes":""},"categories":[5,18],"tags":[],"class_list":["post-2540","post","type-post","status-publish","format-standard","has-post-thumbnail","hentry","category-letras-y-libros","category-lomasrelevante","entry"],"_links":{"self":[{"href":"https:\/\/lavereda.com.mx\/index.php\/wp-json\/wp\/v2\/posts\/2540","targetHints":{"allow":["GET"]}}],"collection":[{"href":"https:\/\/lavereda.com.mx\/index.php\/wp-json\/wp\/v2\/posts"}],"about":[{"href":"https:\/\/lavereda.com.mx\/index.php\/wp-json\/wp\/v2\/types\/post"}],"author":[{"embeddable":true,"href":"https:\/\/lavereda.com.mx\/index.php\/wp-json\/wp\/v2\/users\/1"}],"replies":[{"embeddable":true,"href":"https:\/\/lavereda.com.mx\/index.php\/wp-json\/wp\/v2\/comments?post=2540"}],"version-history":[{"count":2,"href":"https:\/\/lavereda.com.mx\/index.php\/wp-json\/wp\/v2\/posts\/2540\/revisions"}],"predecessor-version":[{"id":2543,"href":"https:\/\/lavereda.com.mx\/index.php\/wp-json\/wp\/v2\/posts\/2540\/revisions\/2543"}],"wp:featuredmedia":[{"embeddable":true,"href":"https:\/\/lavereda.com.mx\/index.php\/wp-json\/wp\/v2\/media\/2541"}],"wp:attachment":[{"href":"https:\/\/lavereda.com.mx\/index.php\/wp-json\/wp\/v2\/media?parent=2540"}],"wp:term":[{"taxonomy":"category","embeddable":true,"href":"https:\/\/lavereda.com.mx\/index.php\/wp-json\/wp\/v2\/categories?post=2540"},{"taxonomy":"post_tag","embeddable":true,"href":"https:\/\/lavereda.com.mx\/index.php\/wp-json\/wp\/v2\/tags?post=2540"}],"curies":[{"name":"wp","href":"https:\/\/api.w.org\/{rel}","templated":true}]}}