{"id":2537,"date":"2021-10-19T15:43:03","date_gmt":"2021-10-19T15:43:03","guid":{"rendered":"http:\/\/lavereda.com.mx\/?p=2537"},"modified":"2021-10-19T15:43:05","modified_gmt":"2021-10-19T15:43:05","slug":"la-obra-clara-en-la-estacion-llega-al-escenario-al-aire-libre-de-casa-mudejar","status":"publish","type":"post","link":"https:\/\/lavereda.com.mx\/index.php\/2021\/10\/19\/la-obra-clara-en-la-estacion-llega-al-escenario-al-aire-libre-de-casa-mudejar\/","title":{"rendered":"La obra \u201cClara en la estaci\u00f3n\u201d llega al escenario al aire libre de Casa Mud\u00e9jar"},"content":{"rendered":"\n<ul class=\"wp-block-list\"><li>Las funciones se realizar\u00e1n el 22, 27, 28 y 29 de octubre a las 21:00 horas.<\/li><\/ul>\n\n\n\n<p>El teatro comienza a formar de nuevo parte de la vida de los laguneros. Prueba de ello es el montaje de obras de distintas compa\u00f1\u00edas, como es el caso de&nbsp;&nbsp;\u201cClara en la estaci\u00f3n\u201d, el segundo proyecto que estrena el Adoratorio&nbsp;&nbsp;teatral \u201cLOLA&nbsp;MAR\u201d durante este mes de octubre.&nbsp;<\/p>\n\n\n\n<p>\u201cLa agrupaci\u00f3n tiene como objetivo reactivar la vida cultural de espacios al aire libre que cuenten con una arquitectura&nbsp;&nbsp;que propicie el convivio esc\u00e9nico\u201d, coment\u00f3 la productora Estefan\u00eda Marrufo y adem\u00e1s actriz, quien comparte escenario con la actriz More Barret, actual directora del Teatro Nazas.<\/p>\n\n\n\n<p>Luego de estar durante agosto y septiembre en el patio central de la Casa Mud\u00e9jar, en temporada con&nbsp;&nbsp;\u201cLas noches blancas\u201d de&nbsp;&nbsp;F. Dostoyevski, vienen a estrenar durante&nbsp;&nbsp;este montaje que est\u00e1 basado en la obra \u201cLa se\u00f1ora en su balc\u00f3n\u201d de Elena Garro, la adaptaci\u00f3n corri\u00f3 a cargo de Enrique Esquivel, quien funge adem\u00e1s como director esc\u00e9nico.<\/p>\n\n\n\n<blockquote class=\"wp-block-quote is-layout-flow wp-block-quote-is-layout-flow\"><p>\u201cLa historia nos brinda un recorrido por la val\u00eda de la memoria, de la belleza de las simples cosas y de la b\u00fasqueda interminable de la libertad en un mundo que en ocasiones parece invadido por el tedio\u00a0\u00a0y la incertidumbre\u201d, comparti\u00f3 Estefan\u00eda.<\/p><\/blockquote>\n\n\n\n<p>De acuerdo con los realizadores, se trata de temas recurrentes en la po\u00e9tica de Garro quien es una escritora clave en la historia literaria de nuestro pa\u00eds. Quien para algunos inaugura el realismo m\u00e1gico en la dramarurgia, para ella era su escritura era una manifestaci\u00f3n del ser mexicano, una extensi\u00f3n del tiempo que ella modelaba con su pluma.<\/p>\n\n\n\n<p>La temporada de octubre se realizar\u00e1 los pr\u00f3ximos, 22, 27, 28 y 29 de octubre a las 21:00 horas, los boletos se pueden adquirir de manera digital v\u00eda redes sociales del adoratorio LOLA MAR tanto en facebook o instagram y al tel\u00e9fono 8711049168 por llamada o mensaje de whatsapp. Se hizo hincapi\u00e9 en que es necesario reservar dado que el cupo es limitado.<\/p>\n\n\n\n<p>Las veladas teatrales al aire libre tienen lugar en el Centro Cultural Casa Mud\u00e9jar, en calle Ildefonso Fuentes #66, entre las calles Allende y Matamoros, en el centro de Torre\u00f3n.<\/p>\n\n\n\n<p><strong>SINOPSIS<\/strong><\/p>\n\n\n\n<p>Clara en la Estaci\u00f3n\u00a0Clara\u00a0llega a una estaci\u00f3n y recuerda su vida pasada. Busca encontrar un futuro que le devuelva el encuentro con una vida plena y libre. Una puesta al d\u00eda de este maravilloso texto, quien con su lenguaje transporta a los espectadores a un mundo m\u00e1gico y lleno de esperanza.\u00a0\u00a0Una adaptaci\u00f3n\u00a0\u00a0para el patio central de\u00a0Casa Mud\u00e9jar, basada en\u00a0La Se\u00f1ora en su Balc\u00f3n\u00a0de la escritora mexicana\u00a0Elena Garro.<\/p>\n\n\n\n<p><strong>FICHA T\u00c9CNICA<\/strong><\/p>\n\n\n\n<ul class=\"wp-block-list\"><li>Actuaciones: More Barret y Estefan\u00eda Marrufo&nbsp;<\/li><li>Vestuario: Enrique Esquivel<\/li><li>Maquillaje y peinados: Alessandra Salon<\/li><li>Fotograf\u00eda: Estefan\u00eda Curaqui<\/li><li>Direcci\u00f3n Enrique Esquivel<\/li><li>Producci\u00f3n: LOLA MAR<\/li><\/ul>\n","protected":false},"excerpt":{"rendered":"<p>Las funciones se realizar\u00e1n el 22, 27, 28 y 29 de octubre a las 21:00 horas. El teatro comienza a formar de nuevo parte de la vida de los laguneros. &hellip; <a href=\"https:\/\/lavereda.com.mx\/index.php\/2021\/10\/19\/la-obra-clara-en-la-estacion-llega-al-escenario-al-aire-libre-de-casa-mudejar\/\" class=\"more-link\">Leer m\u00e1s<\/a><\/p>\n","protected":false},"author":1,"featured_media":2538,"comment_status":"open","ping_status":"open","sticky":false,"template":"","format":"standard","meta":{"footnotes":""},"categories":[2,18],"tags":[],"class_list":["post-2537","post","type-post","status-publish","format-standard","has-post-thumbnail","hentry","category-artes-escenicas","category-lomasrelevante","entry"],"_links":{"self":[{"href":"https:\/\/lavereda.com.mx\/index.php\/wp-json\/wp\/v2\/posts\/2537","targetHints":{"allow":["GET"]}}],"collection":[{"href":"https:\/\/lavereda.com.mx\/index.php\/wp-json\/wp\/v2\/posts"}],"about":[{"href":"https:\/\/lavereda.com.mx\/index.php\/wp-json\/wp\/v2\/types\/post"}],"author":[{"embeddable":true,"href":"https:\/\/lavereda.com.mx\/index.php\/wp-json\/wp\/v2\/users\/1"}],"replies":[{"embeddable":true,"href":"https:\/\/lavereda.com.mx\/index.php\/wp-json\/wp\/v2\/comments?post=2537"}],"version-history":[{"count":1,"href":"https:\/\/lavereda.com.mx\/index.php\/wp-json\/wp\/v2\/posts\/2537\/revisions"}],"predecessor-version":[{"id":2539,"href":"https:\/\/lavereda.com.mx\/index.php\/wp-json\/wp\/v2\/posts\/2537\/revisions\/2539"}],"wp:featuredmedia":[{"embeddable":true,"href":"https:\/\/lavereda.com.mx\/index.php\/wp-json\/wp\/v2\/media\/2538"}],"wp:attachment":[{"href":"https:\/\/lavereda.com.mx\/index.php\/wp-json\/wp\/v2\/media?parent=2537"}],"wp:term":[{"taxonomy":"category","embeddable":true,"href":"https:\/\/lavereda.com.mx\/index.php\/wp-json\/wp\/v2\/categories?post=2537"},{"taxonomy":"post_tag","embeddable":true,"href":"https:\/\/lavereda.com.mx\/index.php\/wp-json\/wp\/v2\/tags?post=2537"}],"curies":[{"name":"wp","href":"https:\/\/api.w.org\/{rel}","templated":true}]}}