{"id":2526,"date":"2021-10-15T23:35:51","date_gmt":"2021-10-15T23:35:51","guid":{"rendered":"http:\/\/lavereda.com.mx\/?p=2526"},"modified":"2021-10-16T04:01:11","modified_gmt":"2021-10-16T04:01:11","slug":"mientras-este-vivo-de-emmanuelle-bercot-se-estrenara-en-las-salas-de-cine-mexicanas","status":"publish","type":"post","link":"https:\/\/lavereda.com.mx\/index.php\/2021\/10\/15\/mientras-este-vivo-de-emmanuelle-bercot-se-estrenara-en-las-salas-de-cine-mexicanas\/","title":{"rendered":"Mientras est\u00e9 vivo de\u00a0Emmanuelle Bercot, se estrenar\u00e1 en las salas de cine mexicanas"},"content":{"rendered":"\n<p>Como cada a\u00f1o, el p\u00fablico mexicano podr\u00e1 disfrutar de lo mejor de la cinematograf\u00eda contempor\u00e1nea francesa, en su idioma original con subt\u00edtulos en espa\u00f1ol, en el emblem\u00e1tico Tour de Cine Franc\u00e9s.<\/p>\n\n\n\n<p>En esta edici\u00f3n se estrenar\u00e1 <em>Mientras<\/em> <em>est\u00e9 vivo<\/em>, que est\u00e1 dirigida por la realizadora, actriz y guionista Emmanuelle Bercot, la cinta es un drama sobre un hombre condenado a morir demasiado joven por una enfermedad, y cuenta con las actuaciones de Beno\u00eet Magimel, Catherine Deneuve y Gabriel Sara. La pel\u00edcula llegar\u00e1 a las salas cinematogr\u00e1ficas mexicanas despu\u00e9s de su exitoso paso por el festival de cine de Cannes, en mayo pasado.<\/p>\n\n\n\n<p>La galardonada actriz Catherine Deneuve nos muestra una interpretaci\u00f3n que nos trasmite y toca todos los sentidos, al dar vida a una madre a la que solo le toca ser observadora de c\u00f3mo su hijo va perdiendo la vida.&nbsp;<\/p>\n\n\n\n<p>El ganador a mejor actor en Cannes por su interpretaci\u00f3n en <em>La Pianiste<\/em> (2001), Beno\u00eet Magimel, interpreta a un hombre de 39 a\u00f1os al que se le notifica que pronto perder\u00e1 la vida debido a una enfermedad para la que no hay mucho que hacer.<\/p>\n\n\n\n<p>Gabriel Sara, interpreta al doctor encargado de ayudar al enfermo terminal de la cinta, quien tiene un sistema de atenci\u00f3n para pacientes terminales que consiste en rodear a los enfermos con momentos de amor y felicidad. Su trabajo, su humanidad y su filosof\u00eda han hecho que este filme, que era sobre el amor, se convirtiera en un \u201chimno a la vida\u201d, explic\u00f3 Bercot.<\/p>\n\n\n\n<p><em>Mientras est\u00e9 vivo<\/em>,\u00a0es parte de la selecci\u00f3n de la edici\u00f3n 25 del Tour de Cine Franc\u00e9s, que iniciar\u00e1 este 14 de octubre en 73 ciudades y podr\u00e1s disfrutar en la pantalla grande en las salas de Cin\u00e9polis.<\/p>\n","protected":false},"excerpt":{"rendered":"<p>Como cada a\u00f1o, el p\u00fablico mexicano podr\u00e1 disfrutar de lo mejor de la cinematograf\u00eda contempor\u00e1nea francesa, en su idioma original con subt\u00edtulos en espa\u00f1ol, en el emblem\u00e1tico Tour de Cine &hellip; <a href=\"https:\/\/lavereda.com.mx\/index.php\/2021\/10\/15\/mientras-este-vivo-de-emmanuelle-bercot-se-estrenara-en-las-salas-de-cine-mexicanas\/\" class=\"more-link\">Leer m\u00e1s<\/a><\/p>\n","protected":false},"author":1,"featured_media":2528,"comment_status":"open","ping_status":"open","sticky":false,"template":"","format":"standard","meta":{"footnotes":""},"categories":[6],"tags":[],"class_list":["post-2526","post","type-post","status-publish","format-standard","has-post-thumbnail","hentry","category-cinetv","entry"],"_links":{"self":[{"href":"https:\/\/lavereda.com.mx\/index.php\/wp-json\/wp\/v2\/posts\/2526","targetHints":{"allow":["GET"]}}],"collection":[{"href":"https:\/\/lavereda.com.mx\/index.php\/wp-json\/wp\/v2\/posts"}],"about":[{"href":"https:\/\/lavereda.com.mx\/index.php\/wp-json\/wp\/v2\/types\/post"}],"author":[{"embeddable":true,"href":"https:\/\/lavereda.com.mx\/index.php\/wp-json\/wp\/v2\/users\/1"}],"replies":[{"embeddable":true,"href":"https:\/\/lavereda.com.mx\/index.php\/wp-json\/wp\/v2\/comments?post=2526"}],"version-history":[{"count":3,"href":"https:\/\/lavereda.com.mx\/index.php\/wp-json\/wp\/v2\/posts\/2526\/revisions"}],"predecessor-version":[{"id":2536,"href":"https:\/\/lavereda.com.mx\/index.php\/wp-json\/wp\/v2\/posts\/2526\/revisions\/2536"}],"wp:featuredmedia":[{"embeddable":true,"href":"https:\/\/lavereda.com.mx\/index.php\/wp-json\/wp\/v2\/media\/2528"}],"wp:attachment":[{"href":"https:\/\/lavereda.com.mx\/index.php\/wp-json\/wp\/v2\/media?parent=2526"}],"wp:term":[{"taxonomy":"category","embeddable":true,"href":"https:\/\/lavereda.com.mx\/index.php\/wp-json\/wp\/v2\/categories?post=2526"},{"taxonomy":"post_tag","embeddable":true,"href":"https:\/\/lavereda.com.mx\/index.php\/wp-json\/wp\/v2\/tags?post=2526"}],"curies":[{"name":"wp","href":"https:\/\/api.w.org\/{rel}","templated":true}]}}