{"id":2511,"date":"2021-10-14T17:05:28","date_gmt":"2021-10-14T17:05:28","guid":{"rendered":"http:\/\/lavereda.com.mx\/?p=2511"},"modified":"2021-10-14T17:05:30","modified_gmt":"2021-10-14T17:05:30","slug":"trabajadores-del-arte-buscan-dignificar-su-labor-en-proximo-congreso","status":"publish","type":"post","link":"https:\/\/lavereda.com.mx\/index.php\/2021\/10\/14\/trabajadores-del-arte-buscan-dignificar-su-labor-en-proximo-congreso\/","title":{"rendered":"Trabajadores del arte buscan dignificar su labor en pr\u00f3ximo congreso"},"content":{"rendered":"\n<ul class=\"wp-block-list\"><li><strong><em>Del 18 al 21 de octubre se desarrollar\u00e1n los trabajos v\u00eda virtual<\/em><\/strong><\/li><\/ul>\n\n\n\n<p>Colectivos de artistas, artesanos, gestores culturales, t\u00e9cnicos, promotores art\u00edsticos, entre otros en todo el pa\u00eds, se han reunido para organizar el Congreso Nacional de Trabajadoras y Trabajadores del Arte y la Cultura, con el fin de entablar un di\u00e1logo y capacitaci\u00f3n que conduzca a mejorar las condiciones de vida y laborales de los integrantes de este gremio.<\/p>\n\n\n\n<p>En reciente rueda de prensa, el comit\u00e9 organizador inform\u00f3 que despu\u00e9s de un arduo consenso por parte de inter colectivos que han trabajado durante meses en favor de un un di\u00e1logo vinculante de agentes culturales que derive en reformas jur\u00eddico-legales, hacendarias, administrativas y laborales, as\u00ed como en la educaci\u00f3n art\u00edstica y reformas en pol\u00edticas culturales e inclusi\u00f3n, se lleg\u00f3 al acuerdo de este congreso.<\/p>\n\n\n\n<p>La actividad se realizar\u00e1 en una primera fase del 18 al 21 de octubre, con un ejercicio aut\u00f3nomo y ciudadano a nivel nacional conformado por personas y colectivos que trabajan en el gremio.<\/p>\n\n\n\n<p>El objetivo de este congreso es analizar c\u00f3mo mejorar los ecosistemas creativos, administrativos, legales, fiscales y de financiamiento p\u00fablico y privado, dentro de los cuales se desarrolla la actividad del arte y la cultura.<\/p>\n\n\n\n<blockquote class=\"wp-block-quote is-layout-flow wp-block-quote-is-layout-flow\"><p>\u201cEs importante tambi\u00e9n buscar la dignificaci\u00f3n laboral, el acceso a los sistemas de salud y seguridad social; cr\u00e9ditos, capacitaci\u00f3n, profesionalizaci\u00f3n y mejora de nuestra condici\u00f3n laboral y de vida\u201d expresaron los organizadores del CONTTAC.\u00a0<\/p><\/blockquote>\n\n\n\n<p>Para la realizaci\u00f3n de esta primera fase v\u00eda virtual, se tienen contemplados varios conversatorios y mesas de trabajo donde participar\u00e1n expertos en los temas, as\u00ed como el di\u00e1logo con artistas y\/o gestores con experiencia en el campo, as\u00ed mismo legisladores y funcionarios y que dar\u00e1n como resultados propuestas encaminadas en las primeras tres tem\u00e1ticas del CONTTAC.<\/p>\n\n\n\n<p>El primer tema que se abordar\u00e1 en el d\u00eda inicial es El Creador, Artista, y el Trabajador del Arte y la Cultura como sujeto de derecho. Para el segundo d\u00eda de trabajo se enfocar\u00e1 sobre las reformas fiscales y administrativas en el ramo en cuesti\u00f3n; en el tercer d\u00eda se realizar\u00e1 el conversatorio sobre redes y colaboraci\u00f3n entre colectividades del sector arte y cultura y para finalizar en el d\u00eda 21 de octubre con el di\u00e1logo con los titulares de las instancias de Cultura de diferentes estados de la Rep\u00fablica Mexicana, quienes compartir\u00e1n los planes de trabajo art\u00edstico y cultural en sus respectivas entidades federativas. <\/p>\n\n\n\n<blockquote class=\"wp-block-quote is-layout-flow wp-block-quote-is-layout-flow\"><p>\u201cEsta es una primera fase que continuar\u00e1 con su segunda en el 2022, para hablar sobre otros temas de importancia para las trabajadoras y trabajadores del arte y la cultura, por lo que invitamos a todos los interesados a participar y estar atentos a los resultados y pr\u00f3ximos eventos de CONTTAC\u201d concluyeron los organizadores procedentes de los Intercolectivos.<\/p><\/blockquote>\n\n\n\n<p>Link del registro:<\/p>\n\n\n\n<p><a href=\"https:\/\/docs.google.com\/forms\/d\/e\/1FAIpQLSemLiIRVAcwgY9topghgl5AAZZtSXjFxgYzHkY-jiJ6a6ES8w\/viewform\">https:\/\/docs.google.com\/forms\/d\/e\/1FAIpQLSemLiIRVAcwgY9topghgl5AAZZtSXjFxgYzHkY-jiJ6a6ES8w\/viewform<\/a><\/p>\n","protected":false},"excerpt":{"rendered":"<p>Del 18 al 21 de octubre se desarrollar\u00e1n los trabajos v\u00eda virtual Colectivos de artistas, artesanos, gestores culturales, t\u00e9cnicos, promotores art\u00edsticos, entre otros en todo el pa\u00eds, se han reunido &hellip; <a href=\"https:\/\/lavereda.com.mx\/index.php\/2021\/10\/14\/trabajadores-del-arte-buscan-dignificar-su-labor-en-proximo-congreso\/\" class=\"more-link\">Leer m\u00e1s<\/a><\/p>\n","protected":false},"author":9,"featured_media":2512,"comment_status":"open","ping_status":"open","sticky":false,"template":"","format":"standard","meta":{"footnotes":""},"categories":[2,18],"tags":[],"class_list":["post-2511","post","type-post","status-publish","format-standard","has-post-thumbnail","hentry","category-artes-escenicas","category-lomasrelevante","entry"],"_links":{"self":[{"href":"https:\/\/lavereda.com.mx\/index.php\/wp-json\/wp\/v2\/posts\/2511","targetHints":{"allow":["GET"]}}],"collection":[{"href":"https:\/\/lavereda.com.mx\/index.php\/wp-json\/wp\/v2\/posts"}],"about":[{"href":"https:\/\/lavereda.com.mx\/index.php\/wp-json\/wp\/v2\/types\/post"}],"author":[{"embeddable":true,"href":"https:\/\/lavereda.com.mx\/index.php\/wp-json\/wp\/v2\/users\/9"}],"replies":[{"embeddable":true,"href":"https:\/\/lavereda.com.mx\/index.php\/wp-json\/wp\/v2\/comments?post=2511"}],"version-history":[{"count":2,"href":"https:\/\/lavereda.com.mx\/index.php\/wp-json\/wp\/v2\/posts\/2511\/revisions"}],"predecessor-version":[{"id":2514,"href":"https:\/\/lavereda.com.mx\/index.php\/wp-json\/wp\/v2\/posts\/2511\/revisions\/2514"}],"wp:featuredmedia":[{"embeddable":true,"href":"https:\/\/lavereda.com.mx\/index.php\/wp-json\/wp\/v2\/media\/2512"}],"wp:attachment":[{"href":"https:\/\/lavereda.com.mx\/index.php\/wp-json\/wp\/v2\/media?parent=2511"}],"wp:term":[{"taxonomy":"category","embeddable":true,"href":"https:\/\/lavereda.com.mx\/index.php\/wp-json\/wp\/v2\/categories?post=2511"},{"taxonomy":"post_tag","embeddable":true,"href":"https:\/\/lavereda.com.mx\/index.php\/wp-json\/wp\/v2\/tags?post=2511"}],"curies":[{"name":"wp","href":"https:\/\/api.w.org\/{rel}","templated":true}]}}