{"id":2501,"date":"2021-10-14T00:16:26","date_gmt":"2021-10-14T00:16:26","guid":{"rendered":"http:\/\/lavereda.com.mx\/?p=2501"},"modified":"2021-10-14T15:06:04","modified_gmt":"2021-10-14T15:06:04","slug":"corpus-danza-presenta-de-petipa-a-la-modernidad","status":"publish","type":"post","link":"https:\/\/lavereda.com.mx\/index.php\/2021\/10\/14\/corpus-danza-presenta-de-petipa-a-la-modernidad\/","title":{"rendered":"Corpus Danza presenta \u201cDe Petipa a la Modernidad\u201d"},"content":{"rendered":"\n<p>La escuela de Danza dirigida por la Maestra Sara Collier presentar\u00e1 el pr\u00f3ximo jueves&nbsp; 21 de octubre a las 20:00 horas, una funci\u00f3n especial rumbo al Festival Internacional de Danza Youth America Grand Prix M\u00e9xico (YAGP M\u00e9xico) en el Teatro Alberto M. Alvarado.<\/p>\n\n\n\n<p>\u201cDe Petipa a la Modernidad\u201d\u00a0 es el nombre de la gala, idea original y compilaci\u00f3n de las Maestras Disley Rodr\u00edguez y Odriet Mart\u00ednez,\u00a0 la cual es un breve recorrido hist\u00f3rico a trav\u00e9s de la Danza\u00a0 Cl\u00e1sica y Neocl\u00e1sica que expone variaciones del repertorio cl\u00e1sico internacional; as\u00ed como diversas piezas neocl\u00e1sicas de reciente creaci\u00f3n, con algunos destellos de Danza Urbana, Jazz Funk y estilo Broadway.<\/p>\n\n\n\n<p>En esta gala el p\u00fablico podr\u00e1 disfrutar de las interpretaciones de&nbsp; B\u00e1rbara Mart\u00ednez Campa (Bailarina mexicana&nbsp; ganadora de beca para el<em>Teatrul de Balet Sibiu<\/em>en Ruman\u00eda en <em>World Ballet Competition<\/em> 2021 y seleccionada para el YAGP M\u00e9xico), Marian Salda\u00f1a Balboa (Bailarina mexicana ganadora de Top 12 a nivel internacional en <em>World Ballet Competition<\/em> 2021 y seleccionada para el YAGP M\u00e9xico), Romina Mart\u00ednez Campa (seleccionada para el YAGP M\u00e9xico) &nbsp;y &nbsp;Regina Garc\u00eda Ibarra (Representante del Estado de Coahuila en el Concurso Nacional de Ballet y seleccionada nacional para YAGP M\u00e9xico) as\u00ed como de los alumnos y alumnas que forman parte de los grupos de entrenamiento pre intensivo e intensivo de la instituci\u00f3n.<\/p>\n\n\n\n<div class=\"wp-block-image\"><figure class=\"aligncenter size-large is-resized\"><img fetchpriority=\"high\" decoding=\"async\" src=\"https:\/\/lavereda.com.mx\/wp-content\/uploads\/2021\/10\/FAV_DSC6212-1024x681.jpg\" alt=\"\" class=\"wp-image-2503\" width=\"340\" height=\"226\" srcset=\"https:\/\/lavereda.com.mx\/wp-content\/uploads\/2021\/10\/FAV_DSC6212-1024x681.jpg 1024w, https:\/\/lavereda.com.mx\/wp-content\/uploads\/2021\/10\/FAV_DSC6212-300x200.jpg 300w, https:\/\/lavereda.com.mx\/wp-content\/uploads\/2021\/10\/FAV_DSC6212-768x511.jpg 768w, https:\/\/lavereda.com.mx\/wp-content\/uploads\/2021\/10\/FAV_DSC6212-1536x1022.jpg 1536w, https:\/\/lavereda.com.mx\/wp-content\/uploads\/2021\/10\/FAV_DSC6212-2048x1363.jpg 2048w\" sizes=\"(max-width: 340px) 100vw, 340px\" \/><figcaption>Fotos por Michael Cairns<\/figcaption><\/figure><\/div>\n\n\n\n<p>Los boletos&nbsp; est\u00e1n a la venta en las instalaciones de Corpus Danza y tienen un costo simb\u00f3lico de $50 pesos. Tambi\u00e9n estar\u00e1n disponibles en la taquilla del Teatro Alvarado el d\u00eda del evento  durante el evento se seguir\u00e1n&nbsp; protocolos de sanidad como uso de cubre bocas, sana distancia y aforo reducido.<\/p>\n\n\n\n<p>Con este evento se intenta acercar al p\u00fablico de la&nbsp; Comarca Lagunera a la danza a trav\u00e9s de este recorrido que explora varios estilos danc\u00edsticos y motivar a presentarse frente a un p\u00fablico en vivo en estos momentos&nbsp; en donde las artes&nbsp; han perdido espacios&nbsp; y oportunidades para conectar con el p\u00fablico; adem\u00e1s servir\u00e1 de preparaci\u00f3n para las j\u00f3venes bailarinas laguneras que representar\u00e1n a la instituci\u00f3n en el Festival Internacional de Danza <em>Youth America Grand Prix M\u00e9xico.<\/em> <\/p>\n\n\n\n<p>Para mayores informes puedes comunicarte al: 7 50 70 46 o bien por medio de las redes sociales de Corpus Danza.<\/p>\n","protected":false},"excerpt":{"rendered":"<p>La escuela de Danza dirigida por la Maestra Sara Collier presentar\u00e1 el pr\u00f3ximo jueves&nbsp; 21 de octubre a las 20:00 horas, una funci\u00f3n especial rumbo al Festival Internacional de Danza &hellip; <a href=\"https:\/\/lavereda.com.mx\/index.php\/2021\/10\/14\/corpus-danza-presenta-de-petipa-a-la-modernidad\/\" class=\"more-link\">Leer m\u00e1s<\/a><\/p>\n","protected":false},"author":1,"featured_media":2502,"comment_status":"open","ping_status":"open","sticky":false,"template":"","format":"standard","meta":{"footnotes":""},"categories":[2,18],"tags":[],"class_list":["post-2501","post","type-post","status-publish","format-standard","has-post-thumbnail","hentry","category-artes-escenicas","category-lomasrelevante","entry"],"_links":{"self":[{"href":"https:\/\/lavereda.com.mx\/index.php\/wp-json\/wp\/v2\/posts\/2501","targetHints":{"allow":["GET"]}}],"collection":[{"href":"https:\/\/lavereda.com.mx\/index.php\/wp-json\/wp\/v2\/posts"}],"about":[{"href":"https:\/\/lavereda.com.mx\/index.php\/wp-json\/wp\/v2\/types\/post"}],"author":[{"embeddable":true,"href":"https:\/\/lavereda.com.mx\/index.php\/wp-json\/wp\/v2\/users\/1"}],"replies":[{"embeddable":true,"href":"https:\/\/lavereda.com.mx\/index.php\/wp-json\/wp\/v2\/comments?post=2501"}],"version-history":[{"count":4,"href":"https:\/\/lavereda.com.mx\/index.php\/wp-json\/wp\/v2\/posts\/2501\/revisions"}],"predecessor-version":[{"id":2510,"href":"https:\/\/lavereda.com.mx\/index.php\/wp-json\/wp\/v2\/posts\/2501\/revisions\/2510"}],"wp:featuredmedia":[{"embeddable":true,"href":"https:\/\/lavereda.com.mx\/index.php\/wp-json\/wp\/v2\/media\/2502"}],"wp:attachment":[{"href":"https:\/\/lavereda.com.mx\/index.php\/wp-json\/wp\/v2\/media?parent=2501"}],"wp:term":[{"taxonomy":"category","embeddable":true,"href":"https:\/\/lavereda.com.mx\/index.php\/wp-json\/wp\/v2\/categories?post=2501"},{"taxonomy":"post_tag","embeddable":true,"href":"https:\/\/lavereda.com.mx\/index.php\/wp-json\/wp\/v2\/tags?post=2501"}],"curies":[{"name":"wp","href":"https:\/\/api.w.org\/{rel}","templated":true}]}}